{"id":1473,"date":"2021-11-19T22:15:00","date_gmt":"2021-11-19T21:15:00","guid":{"rendered":"https:\/\/extremeneria.com\/?p=1473"},"modified":"2022-04-19T11:24:17","modified_gmt":"2022-04-19T09:24:17","slug":"dia-mundial-de-orgullo-rural","status":"publish","type":"post","link":"https:\/\/extremeneria.com\/index.php\/2021\/11\/19\/dia-mundial-de-orgullo-rural\/","title":{"rendered":"D\u00eda Mundial de Orgullo Rural"},"content":{"rendered":"\n<p class=\"has-text-align-justify\"> Por nuestros pueblos llenos de vida. Extremadura es y ser\u00e1 rural, o no ser\u00e1. Frente al vaciamiento, soluciones con perspectivas comarcales, reconexi\u00f3n de quienes emigraron y&nbsp;m\u00e1ximo respeto al paisaje. Progreso, futuro y servicios dignos en lo rural #Orgullorural #ExtremaduraRural.<\/p>\n\n\n\n<div class=\"wp-block-columns is-layout-flex wp-container-core-columns-is-layout-1 wp-block-columns-is-layout-flex\">\n<div class=\"wp-block-column is-layout-flow wp-block-column-is-layout-flow\">\n<figure class=\"wp-block-image size-large\"><img loading=\"lazy\" decoding=\"async\" width=\"1024\" height=\"577\" src=\"https:\/\/extremeneria.com\/wp-content\/uploads\/2021\/11\/2.-1024x577.png\" alt=\"\" class=\"wp-image-954\" srcset=\"https:\/\/extremeneria.com\/wp-content\/uploads\/2021\/11\/2.-1024x577.png 1024w, https:\/\/extremeneria.com\/wp-content\/uploads\/2021\/11\/2.-300x169.png 300w, https:\/\/extremeneria.com\/wp-content\/uploads\/2021\/11\/2.-768x433.png 768w, https:\/\/extremeneria.com\/wp-content\/uploads\/2021\/11\/2.-1536x865.png 1536w, https:\/\/extremeneria.com\/wp-content\/uploads\/2021\/11\/2..png 1640w\" sizes=\"auto, (max-width: 1024px) 100vw, 1024px\" \/><figcaption> La fibra \u00f3ptica beneficia a aut\u00f3nomos, Pymes, teletrabajadores y StartUp fijando empleo en lo rural. El plan \u00abEspa\u00f1a Digital 2025\u00bb o el \u00ab100-30-30\u00bb quieren llevar conexi\u00f3n de 100 mbps a todo el territorio, actualmente solo est\u00e1 desplegada en el 46% de zonas rurales <\/figcaption><\/figure>\n<\/div>\n\n\n\n<div class=\"wp-block-column is-layout-flow wp-block-column-is-layout-flow\">\n<figure class=\"wp-block-image size-large\"><img loading=\"lazy\" decoding=\"async\" width=\"1024\" height=\"577\" src=\"https:\/\/extremeneria.com\/wp-content\/uploads\/2021\/11\/3.-1024x577.png\" alt=\"\" class=\"wp-image-955\" srcset=\"https:\/\/extremeneria.com\/wp-content\/uploads\/2021\/11\/3.-1024x577.png 1024w, https:\/\/extremeneria.com\/wp-content\/uploads\/2021\/11\/3.-300x169.png 300w, https:\/\/extremeneria.com\/wp-content\/uploads\/2021\/11\/3.-768x433.png 768w, https:\/\/extremeneria.com\/wp-content\/uploads\/2021\/11\/3.-1536x865.png 1536w, https:\/\/extremeneria.com\/wp-content\/uploads\/2021\/11\/3..png 1640w\" sizes=\"auto, (max-width: 1024px) 100vw, 1024px\" \/><figcaption> Desde 1985 se han cerrado estaciones y l\u00edneas de tren por toda la regi\u00f3n. Una red fuerte de cercan\u00edas y l\u00edneas regulares vertebrar\u00eda el territorio contra la despoblaci\u00f3n favoreciendo adem\u00e1s la conciliaci\u00f3n en lo rural. <\/figcaption><\/figure>\n<\/div>\n<\/div>\n\n\n\n<div class=\"wp-block-columns is-layout-flex wp-container-core-columns-is-layout-2 wp-block-columns-is-layout-flex\">\n<div class=\"wp-block-column is-layout-flow wp-block-column-is-layout-flow\">\n<figure class=\"wp-block-image size-large\"><img loading=\"lazy\" decoding=\"async\" width=\"1024\" height=\"577\" src=\"https:\/\/extremeneria.com\/wp-content\/uploads\/2021\/11\/4.-1024x577.png\" alt=\"\" class=\"wp-image-956\" srcset=\"https:\/\/extremeneria.com\/wp-content\/uploads\/2021\/11\/4.-1024x577.png 1024w, https:\/\/extremeneria.com\/wp-content\/uploads\/2021\/11\/4.-300x169.png 300w, https:\/\/extremeneria.com\/wp-content\/uploads\/2021\/11\/4.-768x433.png 768w, https:\/\/extremeneria.com\/wp-content\/uploads\/2021\/11\/4.-1536x865.png 1536w, https:\/\/extremeneria.com\/wp-content\/uploads\/2021\/11\/4..png 1640w\" sizes=\"auto, (max-width: 1024px) 100vw, 1024px\" \/><figcaption> El 89 % de los municipios extreme\u00f1os han perdido poblaci\u00f3n en los \u00faltimos a\u00f1os.<br>384 municipios de 388 son considerados rurales en la regi\u00f3n.<br>4000 j\u00f3venes menores de 30 a\u00f1os emigraron cada a\u00f1o desde la crisis de 2008. <\/figcaption><\/figure>\n<\/div>\n\n\n\n<div class=\"wp-block-column is-layout-flow wp-block-column-is-layout-flow\">\n<figure class=\"wp-block-image size-large\"><img loading=\"lazy\" decoding=\"async\" width=\"1024\" height=\"577\" src=\"https:\/\/extremeneria.com\/wp-content\/uploads\/2021\/11\/5.-1024x577.png\" alt=\"\" class=\"wp-image-957\" srcset=\"https:\/\/extremeneria.com\/wp-content\/uploads\/2021\/11\/5.-1024x577.png 1024w, https:\/\/extremeneria.com\/wp-content\/uploads\/2021\/11\/5.-300x169.png 300w, https:\/\/extremeneria.com\/wp-content\/uploads\/2021\/11\/5.-768x433.png 768w, https:\/\/extremeneria.com\/wp-content\/uploads\/2021\/11\/5.-1536x865.png 1536w, https:\/\/extremeneria.com\/wp-content\/uploads\/2021\/11\/5..png 1640w\" sizes=\"auto, (max-width: 1024px) 100vw, 1024px\" \/><figcaption> Cierre de consultorios, oficinas bancarias, reagrupaci\u00f3n escolar, recortes en sanidad, eliminaci\u00f3n de ambulancias de soporte vital b\u00e1sico, distancias de 100 km a un hospital, carreteras sin mantenimientos en a\u00f1os. Vivir en pueblos no debe restar derechos ni servicios. <\/figcaption><\/figure>\n<\/div>\n<\/div>\n","protected":false},"excerpt":{"rendered":"<p>Por nuestros pueblos llenos de vida. Extremadura es y ser\u00e1 rural, o no ser\u00e1. Frente al vaciamiento, soluciones con perspectivas comarcales, reconexi\u00f3n de quienes emigraron y&nbsp;m\u00e1ximo respeto al paisaje. Progreso, futuro y servicios dignos en lo rural #Orgullorural #ExtremaduraRural.<\/p>\n","protected":false},"author":3,"featured_media":953,"comment_status":"closed","ping_status":"closed","sticky":false,"template":"","format":"standard","meta":[],"categories":[8],"tags":[],"class_list":["post-1473","post","type-post","status-publish","format-standard","has-post-thumbnail","hentry","category-divulgacion","category-8","description-off"],"jetpack_featured_media_url":"https:\/\/extremeneria.com\/wp-content\/uploads\/2021\/11\/1..png","_links":{"self":[{"href":"https:\/\/extremeneria.com\/index.php\/wp-json\/wp\/v2\/posts\/1473","targetHints":{"allow":["GET"]}}],"collection":[{"href":"https:\/\/extremeneria.com\/index.php\/wp-json\/wp\/v2\/posts"}],"about":[{"href":"https:\/\/extremeneria.com\/index.php\/wp-json\/wp\/v2\/types\/post"}],"author":[{"embeddable":true,"href":"https:\/\/extremeneria.com\/index.php\/wp-json\/wp\/v2\/users\/3"}],"replies":[{"embeddable":true,"href":"https:\/\/extremeneria.com\/index.php\/wp-json\/wp\/v2\/comments?post=1473"}],"version-history":[{"count":2,"href":"https:\/\/extremeneria.com\/index.php\/wp-json\/wp\/v2\/posts\/1473\/revisions"}],"predecessor-version":[{"id":1476,"href":"https:\/\/extremeneria.com\/index.php\/wp-json\/wp\/v2\/posts\/1473\/revisions\/1476"}],"wp:featuredmedia":[{"embeddable":true,"href":"https:\/\/extremeneria.com\/index.php\/wp-json\/wp\/v2\/media\/953"}],"wp:attachment":[{"href":"https:\/\/extremeneria.com\/index.php\/wp-json\/wp\/v2\/media?parent=1473"}],"wp:term":[{"taxonomy":"category","embeddable":true,"href":"https:\/\/extremeneria.com\/index.php\/wp-json\/wp\/v2\/categories?post=1473"},{"taxonomy":"post_tag","embeddable":true,"href":"https:\/\/extremeneria.com\/index.php\/wp-json\/wp\/v2\/tags?post=1473"}],"curies":[{"name":"wp","href":"https:\/\/api.w.org\/{rel}","templated":true}]}}