{"id":1518,"date":"2021-11-19T22:30:00","date_gmt":"2021-11-19T21:30:00","guid":{"rendered":"https:\/\/extremeneria.com\/?p=1518"},"modified":"2022-04-19T11:24:05","modified_gmt":"2022-04-19T09:24:05","slug":"semana-de-lucha-por-un-tren-publico-social-y-sostenible-que-vertebre-nuestro-territorio","status":"publish","type":"post","link":"https:\/\/extremeneria.com\/index.php\/2021\/11\/19\/semana-de-lucha-por-un-tren-publico-social-y-sostenible-que-vertebre-nuestro-territorio\/","title":{"rendered":"Semana de lucha por un tren p\u00fablico, social y sostenible que vertebre nuestro territorio"},"content":{"rendered":"\n<div class=\"wp-block-image\"><figure class=\"aligncenter size-large\"><img loading=\"lazy\" decoding=\"async\" width=\"1024\" height=\"576\" src=\"https:\/\/extremeneria.com\/wp-content\/uploads\/2021\/11\/manifestaciones_trendigno-1024x576.jpg\" alt=\"\" class=\"wp-image-916\" srcset=\"https:\/\/extremeneria.com\/wp-content\/uploads\/2021\/11\/manifestaciones_trendigno-1024x576.jpg 1024w, https:\/\/extremeneria.com\/wp-content\/uploads\/2021\/11\/manifestaciones_trendigno-300x169.jpg 300w, https:\/\/extremeneria.com\/wp-content\/uploads\/2021\/11\/manifestaciones_trendigno-768x432.jpg 768w, https:\/\/extremeneria.com\/wp-content\/uploads\/2021\/11\/manifestaciones_trendigno.jpg 1200w\" sizes=\"auto, (max-width: 1024px) 100vw, 1024px\" \/><\/figure><\/div>\n\n\n\n<div class=\"wp-block-columns is-layout-flex wp-container-core-columns-is-layout-1 wp-block-columns-is-layout-flex\">\n<div class=\"wp-block-column is-layout-flow wp-block-column-is-layout-flow\">\n<figure class=\"wp-block-image size-full\"><img loading=\"lazy\" decoding=\"async\" width=\"600\" height=\"800\" src=\"https:\/\/extremeneria.com\/wp-content\/uploads\/2021\/11\/photo_2021-10-14_13-26-19.jpg\" alt=\"\" class=\"wp-image-922\" srcset=\"https:\/\/extremeneria.com\/wp-content\/uploads\/2021\/11\/photo_2021-10-14_13-26-19.jpg 600w, https:\/\/extremeneria.com\/wp-content\/uploads\/2021\/11\/photo_2021-10-14_13-26-19-225x300.jpg 225w\" sizes=\"auto, (max-width: 600px) 100vw, 600px\" \/><\/figure>\n<\/div>\n\n\n\n<div class=\"wp-block-column is-layout-flow wp-block-column-is-layout-flow\">\n<figure class=\"wp-block-image size-large\"><img loading=\"lazy\" decoding=\"async\" width=\"724\" height=\"1024\" src=\"https:\/\/extremeneria.com\/wp-content\/uploads\/2021\/11\/mani_llerena-724x1024.jpg\" alt=\"\" class=\"wp-image-918\" srcset=\"https:\/\/extremeneria.com\/wp-content\/uploads\/2021\/11\/mani_llerena-724x1024.jpg 724w, https:\/\/extremeneria.com\/wp-content\/uploads\/2021\/11\/mani_llerena-212x300.jpg 212w, https:\/\/extremeneria.com\/wp-content\/uploads\/2021\/11\/mani_llerena-768x1086.jpg 768w, https:\/\/extremeneria.com\/wp-content\/uploads\/2021\/11\/mani_llerena.jpg 905w\" sizes=\"auto, (max-width: 724px) 100vw, 724px\" \/><\/figure>\n<\/div>\n\n\n\n<div class=\"wp-block-column is-layout-flow wp-block-column-is-layout-flow\">\n<figure class=\"wp-block-image size-large\"><img loading=\"lazy\" decoding=\"async\" width=\"723\" height=\"1024\" src=\"https:\/\/extremeneria.com\/wp-content\/uploads\/2021\/11\/navalmoral-723x1024.jpg\" alt=\"\" class=\"wp-image-919\" srcset=\"https:\/\/extremeneria.com\/wp-content\/uploads\/2021\/11\/navalmoral-723x1024.jpg 723w, https:\/\/extremeneria.com\/wp-content\/uploads\/2021\/11\/navalmoral-212x300.jpg 212w, https:\/\/extremeneria.com\/wp-content\/uploads\/2021\/11\/navalmoral-768x1087.jpg 768w, https:\/\/extremeneria.com\/wp-content\/uploads\/2021\/11\/navalmoral.jpg 904w\" sizes=\"auto, (max-width: 723px) 100vw, 723px\" \/><\/figure>\n<\/div>\n<\/div>\n\n\n\n<div class=\"wp-block-columns is-layout-flex wp-container-core-columns-is-layout-2 wp-block-columns-is-layout-flex\">\n<div class=\"wp-block-column is-layout-flow wp-block-column-is-layout-flow\">\n<figure class=\"wp-block-image size-large\"><img loading=\"lazy\" decoding=\"async\" width=\"1024\" height=\"768\" src=\"https:\/\/extremeneria.com\/wp-content\/uploads\/2021\/11\/photo_2021-10-19_20-00-22-1024x768.jpg\" alt=\"\" class=\"wp-image-924\" srcset=\"https:\/\/extremeneria.com\/wp-content\/uploads\/2021\/11\/photo_2021-10-19_20-00-22-1024x768.jpg 1024w, https:\/\/extremeneria.com\/wp-content\/uploads\/2021\/11\/photo_2021-10-19_20-00-22-300x225.jpg 300w, https:\/\/extremeneria.com\/wp-content\/uploads\/2021\/11\/photo_2021-10-19_20-00-22-768x576.jpg 768w, https:\/\/extremeneria.com\/wp-content\/uploads\/2021\/11\/photo_2021-10-19_20-00-22.jpg 1280w\" sizes=\"auto, (max-width: 1024px) 100vw, 1024px\" \/><figcaption>Manifestaci\u00f3n de Almendralejo<\/figcaption><\/figure>\n<\/div>\n\n\n\n<div class=\"wp-block-column is-layout-flow wp-block-column-is-layout-flow\">\n<figure class=\"wp-block-image size-full\"><img loading=\"lazy\" decoding=\"async\" width=\"655\" height=\"517\" src=\"https:\/\/extremeneria.com\/wp-content\/uploads\/2021\/11\/photo_2021-10-23_13-05-08-e1647294132356.jpg\" alt=\"\" class=\"wp-image-927\" srcset=\"https:\/\/extremeneria.com\/wp-content\/uploads\/2021\/11\/photo_2021-10-23_13-05-08-e1647294132356.jpg 655w, https:\/\/extremeneria.com\/wp-content\/uploads\/2021\/11\/photo_2021-10-23_13-05-08-e1647294132356-300x237.jpg 300w\" sizes=\"auto, (max-width: 655px) 100vw, 655px\" \/><figcaption>Manifestaci\u00f3n de Llerena<\/figcaption><\/figure>\n<\/div>\n\n\n\n<div class=\"wp-block-column is-layout-flow wp-block-column-is-layout-flow\">\n<figure class=\"wp-block-image size-large\"><img loading=\"lazy\" decoding=\"async\" width=\"1024\" height=\"768\" src=\"https:\/\/extremeneria.com\/wp-content\/uploads\/2021\/11\/photo_2021-10-23_13-06-08-1024x768.jpg\" alt=\"\" class=\"wp-image-928\" srcset=\"https:\/\/extremeneria.com\/wp-content\/uploads\/2021\/11\/photo_2021-10-23_13-06-08-1024x768.jpg 1024w, https:\/\/extremeneria.com\/wp-content\/uploads\/2021\/11\/photo_2021-10-23_13-06-08-300x225.jpg 300w, https:\/\/extremeneria.com\/wp-content\/uploads\/2021\/11\/photo_2021-10-23_13-06-08-768x576.jpg 768w, https:\/\/extremeneria.com\/wp-content\/uploads\/2021\/11\/photo_2021-10-23_13-06-08.jpg 1280w\" sizes=\"auto, (max-width: 1024px) 100vw, 1024px\" \/><figcaption>Concentraci\u00f3n de Navalmoral de la Mata<\/figcaption><\/figure>\n<\/div>\n<\/div>\n\n\n\n<div class=\"wp-block-columns is-layout-flex wp-container-core-columns-is-layout-3 wp-block-columns-is-layout-flex\">\n<div class=\"wp-block-column is-layout-flow wp-block-column-is-layout-flow\">\n<figure class=\"wp-block-image alignwide size-large\"><img loading=\"lazy\" decoding=\"async\" width=\"1024\" height=\"1024\" src=\"https:\/\/extremeneria.com\/wp-content\/uploads\/2021\/11\/photo_2021-10-20_08-50-18-1024x1024.jpg\" alt=\"\" class=\"wp-image-925\" srcset=\"https:\/\/extremeneria.com\/wp-content\/uploads\/2021\/11\/photo_2021-10-20_08-50-18-1024x1024.jpg 1024w, https:\/\/extremeneria.com\/wp-content\/uploads\/2021\/11\/photo_2021-10-20_08-50-18-300x300.jpg 300w, https:\/\/extremeneria.com\/wp-content\/uploads\/2021\/11\/photo_2021-10-20_08-50-18-150x150.jpg 150w, https:\/\/extremeneria.com\/wp-content\/uploads\/2021\/11\/photo_2021-10-20_08-50-18-768x768.jpg 768w, https:\/\/extremeneria.com\/wp-content\/uploads\/2021\/11\/photo_2021-10-20_08-50-18.jpg 1080w\" sizes=\"auto, (max-width: 1024px) 100vw, 1024px\" \/><\/figure>\n<\/div>\n\n\n\n<div class=\"wp-block-column is-layout-flow wp-block-column-is-layout-flow\">\n<figure class=\"wp-block-image alignwide size-large\"><img loading=\"lazy\" decoding=\"async\" width=\"1024\" height=\"682\" src=\"https:\/\/extremeneria.com\/wp-content\/uploads\/2021\/11\/photo_2021-10-25_18-59-23-1024x682.jpg\" alt=\"\" class=\"wp-image-934\" srcset=\"https:\/\/extremeneria.com\/wp-content\/uploads\/2021\/11\/photo_2021-10-25_18-59-23-1024x682.jpg 1024w, https:\/\/extremeneria.com\/wp-content\/uploads\/2021\/11\/photo_2021-10-25_18-59-23-300x200.jpg 300w, https:\/\/extremeneria.com\/wp-content\/uploads\/2021\/11\/photo_2021-10-25_18-59-23-768x512.jpg 768w, https:\/\/extremeneria.com\/wp-content\/uploads\/2021\/11\/photo_2021-10-25_18-59-23.jpg 1280w\" sizes=\"auto, (max-width: 1024px) 100vw, 1024px\" \/><figcaption>Manifestaci\u00f3n Madrid<\/figcaption><\/figure>\n<\/div>\n\n\n\n<div class=\"wp-block-column is-layout-flow wp-block-column-is-layout-flow\">\n<figure class=\"wp-block-image alignwide size-large\"><img loading=\"lazy\" decoding=\"async\" width=\"1024\" height=\"768\" src=\"https:\/\/extremeneria.com\/wp-content\/uploads\/2021\/11\/photo_2021-10-24_12-36-19-1024x768.jpg\" alt=\"\" class=\"wp-image-931\" srcset=\"https:\/\/extremeneria.com\/wp-content\/uploads\/2021\/11\/photo_2021-10-24_12-36-19-1024x768.jpg 1024w, https:\/\/extremeneria.com\/wp-content\/uploads\/2021\/11\/photo_2021-10-24_12-36-19-300x225.jpg 300w, https:\/\/extremeneria.com\/wp-content\/uploads\/2021\/11\/photo_2021-10-24_12-36-19-768x576.jpg 768w, https:\/\/extremeneria.com\/wp-content\/uploads\/2021\/11\/photo_2021-10-24_12-36-19.jpg 1280w\" sizes=\"auto, (max-width: 1024px) 100vw, 1024px\" \/><figcaption>Manifestaci\u00f3n Madrid<\/figcaption><\/figure>\n<\/div>\n<\/div>\n\n\n\n<div class=\"wp-block-columns is-layout-flex wp-container-core-columns-is-layout-4 wp-block-columns-is-layout-flex\">\n<div class=\"wp-block-column is-layout-flow wp-block-column-is-layout-flow\">\n<figure class=\"wp-block-image alignwide size-large\"><img loading=\"lazy\" decoding=\"async\" width=\"1024\" height=\"768\" src=\"https:\/\/extremeneria.com\/wp-content\/uploads\/2021\/11\/photo_2021-10-24_12-34-08-1024x768.jpg\" alt=\"\" class=\"wp-image-930\" srcset=\"https:\/\/extremeneria.com\/wp-content\/uploads\/2021\/11\/photo_2021-10-24_12-34-08-1024x768.jpg 1024w, https:\/\/extremeneria.com\/wp-content\/uploads\/2021\/11\/photo_2021-10-24_12-34-08-300x225.jpg 300w, https:\/\/extremeneria.com\/wp-content\/uploads\/2021\/11\/photo_2021-10-24_12-34-08-768x576.jpg 768w, https:\/\/extremeneria.com\/wp-content\/uploads\/2021\/11\/photo_2021-10-24_12-34-08.jpg 1280w\" sizes=\"auto, (max-width: 1024px) 100vw, 1024px\" \/><figcaption>Manifestaci\u00f3n Madrid<\/figcaption><\/figure>\n<\/div>\n\n\n\n<div class=\"wp-block-column is-layout-flow wp-block-column-is-layout-flow\">\n<figure class=\"wp-block-image alignwide size-large\"><img loading=\"lazy\" decoding=\"async\" width=\"768\" height=\"1024\" src=\"https:\/\/extremeneria.com\/wp-content\/uploads\/2021\/11\/photo_2021-10-24_12-34-05-768x1024.jpg\" alt=\"\" class=\"wp-image-929\" srcset=\"https:\/\/extremeneria.com\/wp-content\/uploads\/2021\/11\/photo_2021-10-24_12-34-05-768x1024.jpg 768w, https:\/\/extremeneria.com\/wp-content\/uploads\/2021\/11\/photo_2021-10-24_12-34-05-225x300.jpg 225w, https:\/\/extremeneria.com\/wp-content\/uploads\/2021\/11\/photo_2021-10-24_12-34-05.jpg 960w\" sizes=\"auto, (max-width: 768px) 100vw, 768px\" \/><figcaption>Manifestaci\u00f3n Madrid<\/figcaption><\/figure>\n<\/div>\n\n\n\n<div class=\"wp-block-column is-layout-flow wp-block-column-is-layout-flow\">\n<figure class=\"wp-block-image alignwide size-large\"><img loading=\"lazy\" decoding=\"async\" width=\"1024\" height=\"768\" src=\"https:\/\/extremeneria.com\/wp-content\/uploads\/2021\/11\/photo_2021-10-24_16-22-24-1024x768.jpg\" alt=\"\" class=\"wp-image-933\" srcset=\"https:\/\/extremeneria.com\/wp-content\/uploads\/2021\/11\/photo_2021-10-24_16-22-24-1024x768.jpg 1024w, https:\/\/extremeneria.com\/wp-content\/uploads\/2021\/11\/photo_2021-10-24_16-22-24-300x225.jpg 300w, https:\/\/extremeneria.com\/wp-content\/uploads\/2021\/11\/photo_2021-10-24_16-22-24-768x576.jpg 768w, https:\/\/extremeneria.com\/wp-content\/uploads\/2021\/11\/photo_2021-10-24_16-22-24.jpg 1280w\" sizes=\"auto, (max-width: 1024px) 100vw, 1024px\" \/><figcaption>Miembros de Extreme\u00f1er\u00eda<\/figcaption><\/figure>\n<\/div>\n<\/div>\n\n\n\n<div class=\"wp-block-columns is-layout-flex wp-container-core-columns-is-layout-5 wp-block-columns-is-layout-flex\">\n<div class=\"wp-block-column is-layout-flow wp-block-column-is-layout-flow\">\n<figure class=\"wp-block-image size-large\"><img loading=\"lazy\" decoding=\"async\" width=\"1024\" height=\"1024\" src=\"https:\/\/extremeneria.com\/wp-content\/uploads\/2021\/11\/photo_2021-10-27_22-49-10-1024x1024.jpg\" alt=\"\" class=\"wp-image-970\" srcset=\"https:\/\/extremeneria.com\/wp-content\/uploads\/2021\/11\/photo_2021-10-27_22-49-10-1024x1024.jpg 1024w, https:\/\/extremeneria.com\/wp-content\/uploads\/2021\/11\/photo_2021-10-27_22-49-10-300x300.jpg 300w, https:\/\/extremeneria.com\/wp-content\/uploads\/2021\/11\/photo_2021-10-27_22-49-10-150x150.jpg 150w, https:\/\/extremeneria.com\/wp-content\/uploads\/2021\/11\/photo_2021-10-27_22-49-10-768x768.jpg 768w, https:\/\/extremeneria.com\/wp-content\/uploads\/2021\/11\/photo_2021-10-27_22-49-10.jpg 1280w\" sizes=\"auto, (max-width: 1024px) 100vw, 1024px\" \/><figcaption>Concentraci\u00f3n de Trujillo<\/figcaption><\/figure>\n<\/div>\n\n\n\n<div class=\"wp-block-column is-layout-flow wp-block-column-is-layout-flow\">\n<figure class=\"wp-block-image alignwide size-large\"><img loading=\"lazy\" decoding=\"async\" width=\"1024\" height=\"1024\" src=\"https:\/\/extremeneria.com\/wp-content\/uploads\/2021\/11\/photo_2021-10-26_13-10-44-1024x1024.jpg\" alt=\"\" class=\"wp-image-935\" srcset=\"https:\/\/extremeneria.com\/wp-content\/uploads\/2021\/11\/photo_2021-10-26_13-10-44-1024x1024.jpg 1024w, https:\/\/extremeneria.com\/wp-content\/uploads\/2021\/11\/photo_2021-10-26_13-10-44-300x300.jpg 300w, https:\/\/extremeneria.com\/wp-content\/uploads\/2021\/11\/photo_2021-10-26_13-10-44-150x150.jpg 150w, https:\/\/extremeneria.com\/wp-content\/uploads\/2021\/11\/photo_2021-10-26_13-10-44-768x768.jpg 768w, https:\/\/extremeneria.com\/wp-content\/uploads\/2021\/11\/photo_2021-10-26_13-10-44.jpg 1280w\" sizes=\"auto, (max-width: 1024px) 100vw, 1024px\" \/><figcaption> Marcha Ba\u00f1os de Montemayor a B\u00e9jar <\/figcaption><\/figure>\n<\/div>\n<\/div>\n\n\n\n<div style=\"height:50px\" aria-hidden=\"true\" class=\"wp-block-spacer\"><\/div>\n\n\n\n<div class=\"wp-block-buttons is-content-justification-center is-layout-flex wp-block-buttons-is-layout-flex\">\n<div class=\"wp-block-button\"><a class=\"wp-block-button__link\" href=\"https:\/\/extremeneria.com\/index.php\/2021\/10\/14\/extremeneria-por-un-tren-publico-social-y-sostenible-que-vertebre-nuestro-territorio\/\">Manifiesto por un tren p\u00fablico, social y sostenible que vertebre nuestro territorio<\/a><\/div>\n<\/div>\n\n\n\n<div style=\"height:50px\" aria-hidden=\"true\" class=\"wp-block-spacer\"><\/div>\n\n\n\n<p class=\"has-text-align-justify\">El 24 de octubre nos manifestamos en Madrid por un tren p\u00fablico, social y sostenible que vertebre nuestro territorio. De aquel acto os dejamos unos videos de los participantes y de los miembros de Extreme\u00f1er\u00eda que asistieron.<\/p>\n\n\n\n<div class=\"wp-block-columns is-layout-flex wp-container-core-columns-is-layout-6 wp-block-columns-is-layout-flex\">\n<div class=\"wp-block-column is-layout-flow wp-block-column-is-layout-flow\">\n<figure class=\"wp-block-embed is-type-video is-provider-youtube wp-block-embed-youtube wp-embed-aspect-16-9 wp-has-aspect-ratio\"><div class=\"wp-block-embed__wrapper\">\n<iframe loading=\"lazy\" title=\"Manifestaci\u00f3n por un Tren Digno, Madrid, 24\/10\/2021. (Video Completo)\" width=\"1200\" height=\"675\" src=\"https:\/\/www.youtube.com\/embed\/uwumCB_BWFs?feature=oembed\" frameborder=\"0\" allow=\"accelerometer; autoplay; clipboard-write; encrypted-media; gyroscope; picture-in-picture\" allowfullscreen><\/iframe>\n<\/div><figcaption>Video resumen de la manifestaci\u00f3n por un Tren Digno.<\/figcaption><\/figure>\n<\/div>\n\n\n\n<div class=\"wp-block-column is-layout-flow wp-block-column-is-layout-flow\">\n<figure class=\"wp-block-embed is-type-video is-provider-youtube wp-block-embed-youtube wp-embed-aspect-16-9 wp-has-aspect-ratio\"><div class=\"wp-block-embed__wrapper\">\n<iframe loading=\"lazy\" title=\"Manifestaci\u00f3n por un Tren Digno, Madrid, 24\/10\/2021. Portavoz representante de Extremadura.\" width=\"1200\" height=\"675\" src=\"https:\/\/www.youtube.com\/embed\/xYAU4LYaz9w?feature=oembed\" frameborder=\"0\" allow=\"accelerometer; autoplay; clipboard-write; encrypted-media; gyroscope; picture-in-picture\" allowfullscreen><\/iframe>\n<\/div><figcaption>Portavoz representante de Extremadura.<\/figcaption><\/figure>\n<\/div>\n<\/div>\n\n\n\n<div class=\"wp-block-columns is-layout-flex wp-container-core-columns-is-layout-7 wp-block-columns-is-layout-flex\">\n<div class=\"wp-block-column is-layout-flow wp-block-column-is-layout-flow\">\n<figure class=\"wp-block-embed is-type-video is-provider-youtube wp-block-embed-youtube wp-embed-aspect-16-9 wp-has-aspect-ratio\"><div class=\"wp-block-embed__wrapper\">\n<iframe loading=\"lazy\" title=\"Manifestaci\u00f3n por un Tren Digno, Madrid, 24\/10\/2021. Mar\u00eda, emigrante extreme\u00f1a.\" width=\"1200\" height=\"675\" src=\"https:\/\/www.youtube.com\/embed\/4h47kb24huI?feature=oembed\" frameborder=\"0\" allow=\"accelerometer; autoplay; clipboard-write; encrypted-media; gyroscope; picture-in-picture\" allowfullscreen><\/iframe>\n<\/div><figcaption>Mar\u00eda, extreme\u00f1a emigrada.<\/figcaption><\/figure>\n<\/div>\n\n\n\n<div class=\"wp-block-column is-layout-flow wp-block-column-is-layout-flow\">\n<figure class=\"wp-block-embed is-type-video is-provider-youtube wp-block-embed-youtube wp-embed-aspect-16-9 wp-has-aspect-ratio\"><div class=\"wp-block-embed__wrapper\">\n<iframe loading=\"lazy\" title=\"Manifestaci\u00f3n por un Tren Digno, Madrid, 24\/10\/2021. Gonzalo, emigrante extreme\u00f1o.\" width=\"1200\" height=\"675\" src=\"https:\/\/www.youtube.com\/embed\/Z7Lp76HLtcs?feature=oembed\" frameborder=\"0\" allow=\"accelerometer; autoplay; clipboard-write; encrypted-media; gyroscope; picture-in-picture\" allowfullscreen><\/iframe>\n<\/div><figcaption>Gonzalo, emigrante extreme\u00f1o.<\/figcaption><\/figure>\n<\/div>\n<\/div>\n\n\n\n<div class=\"wp-block-columns is-layout-flex wp-container-core-columns-is-layout-8 wp-block-columns-is-layout-flex\">\n<div class=\"wp-block-column is-layout-flow wp-block-column-is-layout-flow\">\n<figure class=\"wp-block-embed is-type-video is-provider-youtube wp-block-embed-youtube wp-embed-aspect-16-9 wp-has-aspect-ratio\"><div class=\"wp-block-embed__wrapper\">\n<iframe loading=\"lazy\" title=\"Manifestaci\u00f3n por un Tren Digno, Madrid, 24\/10\/2021. Gerardo, emigrante extreme\u00f1o.\" width=\"1200\" height=\"675\" src=\"https:\/\/www.youtube.com\/embed\/YrWw3nqVSHs?feature=oembed\" frameborder=\"0\" allow=\"accelerometer; autoplay; clipboard-write; encrypted-media; gyroscope; picture-in-picture\" allowfullscreen><\/iframe>\n<\/div><figcaption>Gerardo, joven emigrante extreme\u00f1o en Madrid<\/figcaption><\/figure>\n<\/div>\n\n\n\n<div class=\"wp-block-column is-layout-flow wp-block-column-is-layout-flow\">\n<figure class=\"wp-block-embed is-type-video is-provider-youtube wp-block-embed-youtube wp-embed-aspect-16-9 wp-has-aspect-ratio\"><div class=\"wp-block-embed__wrapper\">\n<iframe loading=\"lazy\" title=\"Manifestaci\u00f3n por un Tren Digno, Madrid, 24\/10\/2021. V\u00edctor,  miembro de Extreme\u00f1er\u00eda.\" width=\"1200\" height=\"675\" src=\"https:\/\/www.youtube.com\/embed\/f4iK4Rkp2u4?feature=oembed\" frameborder=\"0\" allow=\"accelerometer; autoplay; clipboard-write; encrypted-media; gyroscope; picture-in-picture\" allowfullscreen><\/iframe>\n<\/div><figcaption>V\u00edctor, miembro de la plataforma Extreme\u00f1er\u00eda<\/figcaption><\/figure>\n<\/div>\n<\/div>\n","protected":false},"excerpt":{"rendered":"<p>El 24 de octubre nos manifestamos en Madrid por un tren p\u00fablico, social y sostenible que vertebre nuestro territorio. De aquel acto os dejamos unos videos de los participantes y de los miembros de Extreme\u00f1er\u00eda que asistieron.<\/p>\n","protected":false},"author":3,"featured_media":0,"comment_status":"closed","ping_status":"closed","sticky":false,"template":"","format":"standard","meta":[],"categories":[8],"tags":[],"class_list":["post-1518","post","type-post","status-publish","format-standard","hentry","category-divulgacion","category-8","description-off"],"jetpack_featured_media_url":"","_links":{"self":[{"href":"https:\/\/extremeneria.com\/index.php\/wp-json\/wp\/v2\/posts\/1518","targetHints":{"allow":["GET"]}}],"collection":[{"href":"https:\/\/extremeneria.com\/index.php\/wp-json\/wp\/v2\/posts"}],"about":[{"href":"https:\/\/extremeneria.com\/index.php\/wp-json\/wp\/v2\/types\/post"}],"author":[{"embeddable":true,"href":"https:\/\/extremeneria.com\/index.php\/wp-json\/wp\/v2\/users\/3"}],"replies":[{"embeddable":true,"href":"https:\/\/extremeneria.com\/index.php\/wp-json\/wp\/v2\/comments?post=1518"}],"version-history":[{"count":7,"href":"https:\/\/extremeneria.com\/index.php\/wp-json\/wp\/v2\/posts\/1518\/revisions"}],"predecessor-version":[{"id":1575,"href":"https:\/\/extremeneria.com\/index.php\/wp-json\/wp\/v2\/posts\/1518\/revisions\/1575"}],"wp:attachment":[{"href":"https:\/\/extremeneria.com\/index.php\/wp-json\/wp\/v2\/media?parent=1518"}],"wp:term":[{"taxonomy":"category","embeddable":true,"href":"https:\/\/extremeneria.com\/index.php\/wp-json\/wp\/v2\/categories?post=1518"},{"taxonomy":"post_tag","embeddable":true,"href":"https:\/\/extremeneria.com\/index.php\/wp-json\/wp\/v2\/tags?post=1518"}],"curies":[{"name":"wp","href":"https:\/\/api.w.org\/{rel}","templated":true}]}}