{"id":1602,"date":"2022-03-26T13:24:00","date_gmt":"2022-03-26T12:24:00","guid":{"rendered":"https:\/\/extremeneria.com\/?p=1602"},"modified":"2022-04-19T11:22:31","modified_gmt":"2022-04-19T09:22:31","slug":"25-de-marzo-extremadura-en-pie","status":"publish","type":"post","link":"https:\/\/extremeneria.com\/index.php\/2022\/03\/26\/25-de-marzo-extremadura-en-pie\/","title":{"rendered":"25 de marzo. Extremadura en pie"},"content":{"rendered":"\n<p class=\"has-text-align-justify\">De cara al 25 de marzo, d\u00eda importante para Extremadura, queremos recuperar el art\u00edculo de nuestro compa\u00f1ero Alberto Hidalgo para <strong><span class=\"has-inline-color has-accent-color\">\u00abEl Salto Extremadura\u00bb.<\/span><\/strong><\/p>\n\n\n\n<p class=\"has-text-align-center\">\u201c<strong>Una nueva primavera para Extremadura: un 25 de marzo extreme\u00f1ista\u201d<\/strong><\/p>\n\n\n\n<div style=\"height:50px\" aria-hidden=\"true\" class=\"wp-block-spacer\"><\/div>\n\n\n\n<div class=\"wp-block-buttons is-content-justification-center is-layout-flex wp-block-buttons-is-layout-flex\">\n<div class=\"wp-block-button\"><a class=\"wp-block-button__link\" href=\"https:\/\/www.elsaltodiario.com\/memoria-historica\/una-nueva-primavera-para-extremadura-un-25-de-marzo-extremenista\">Ver art\u00edculo<\/a><\/div>\n<\/div>\n\n\n\n<div style=\"height:50px\" aria-hidden=\"true\" class=\"wp-block-spacer\"><\/div>\n\n\n\n<p class=\"has-text-align-justify\">Este 25 de marzo queremos hacer un recorrido en la historia, que nos lleve desde aquellos que comenzaron a pensarla, los que la defendieron y, por \u00faltimo, los que siguen sus pasos. Con el lema \u00ab#ExtremaduraEnPie\u00bb y \u00abMemoriaExtremenista\u00bb mostramos el significado de este d\u00eda. (M\u00fasica: A Garulla (<a rel=\"noreferrer noopener\" href=\"https:\/\/t.co\/wy9v0bbsGM\" target=\"_blank\">https:\/\/instagram.com\/agarullacumbiapunk\/\u2026<\/a>)<\/p>\n\n\n\n<figure class=\"wp-block-video\"><video controls src=\"https:\/\/extremeneria.com\/wp-content\/uploads\/2022\/03\/25-M-Extremeneria.mp4\"><\/video><\/figure>\n\n\n\n<div class=\"wp-block-columns is-layout-flex wp-container-core-columns-is-layout-1 wp-block-columns-is-layout-flex\">\n<div class=\"wp-block-column is-layout-flow wp-block-column-is-layout-flow\">\n<figure class=\"wp-block-image size-large\"><img loading=\"lazy\" decoding=\"async\" width=\"1024\" height=\"1024\" src=\"https:\/\/extremeneria.com\/wp-content\/uploads\/2022\/03\/25-marzo-extremadura-en-pie-1024x1024.jpg\" alt=\"\" class=\"wp-image-1607\" srcset=\"https:\/\/extremeneria.com\/wp-content\/uploads\/2022\/03\/25-marzo-extremadura-en-pie-1024x1024.jpg 1024w, https:\/\/extremeneria.com\/wp-content\/uploads\/2022\/03\/25-marzo-extremadura-en-pie-300x300.jpg 300w, https:\/\/extremeneria.com\/wp-content\/uploads\/2022\/03\/25-marzo-extremadura-en-pie-150x150.jpg 150w, https:\/\/extremeneria.com\/wp-content\/uploads\/2022\/03\/25-marzo-extremadura-en-pie-768x768.jpg 768w, https:\/\/extremeneria.com\/wp-content\/uploads\/2022\/03\/25-marzo-extremadura-en-pie.jpg 1080w\" sizes=\"auto, (max-width: 1024px) 100vw, 1024px\" \/><figcaption>Nuestras voces se vuelven a alzar, sea 25 de marzo o siempre que haya motivos para hacerlo. El pueblo extreme\u00f1o tiene voz y lo ha demostrado en repetidas ocasiones. Sin complejos, <strong>Extremadura en pie. Memoria Extreme\u00f1ista<\/strong>.<\/figcaption><\/figure>\n<\/div>\n\n\n\n<div class=\"wp-block-column is-layout-flow wp-block-column-is-layout-flow\">\n<figure class=\"wp-block-image size-large\"><img loading=\"lazy\" decoding=\"async\" width=\"1024\" height=\"1024\" src=\"https:\/\/extremeneria.com\/wp-content\/uploads\/2022\/03\/25-de-marzo-Extremeneria-Extremadura-en-pie-1024x1024.jpg\" alt=\"\" class=\"wp-image-1609\" srcset=\"https:\/\/extremeneria.com\/wp-content\/uploads\/2022\/03\/25-de-marzo-Extremeneria-Extremadura-en-pie-1024x1024.jpg 1024w, https:\/\/extremeneria.com\/wp-content\/uploads\/2022\/03\/25-de-marzo-Extremeneria-Extremadura-en-pie-300x300.jpg 300w, https:\/\/extremeneria.com\/wp-content\/uploads\/2022\/03\/25-de-marzo-Extremeneria-Extremadura-en-pie-150x150.jpg 150w, https:\/\/extremeneria.com\/wp-content\/uploads\/2022\/03\/25-de-marzo-Extremeneria-Extremadura-en-pie-768x768.jpg 768w, https:\/\/extremeneria.com\/wp-content\/uploads\/2022\/03\/25-de-marzo-Extremeneria-Extremadura-en-pie.jpg 1080w\" sizes=\"auto, (max-width: 1024px) 100vw, 1024px\" \/><figcaption>Las luchas de hoy se conectan con las reivindicaciones de ayer. Nuestra tierra tiene memoria. Por una Extremadura justa, digna y con futuro.<strong> Extremadura en pie. Memoria Extreme\u00f1ista.<\/strong><\/figcaption><\/figure>\n\n\n\n<p><\/p>\n<\/div>\n<\/div>\n\n\n\n<div class=\"wp-block-jetpack-slideshow aligncenter\" data-effect=\"slide\"><div class=\"wp-block-jetpack-slideshow_container swiper-container\"><ul class=\"wp-block-jetpack-slideshow_swiper-wrapper swiper-wrapper\"><li class=\"wp-block-jetpack-slideshow_slide swiper-slide\"><figure><img loading=\"lazy\" decoding=\"async\" width=\"900\" height=\"900\" alt=\"\" class=\"wp-block-jetpack-slideshow_image wp-image-1582\" data-id=\"1582\" src=\"https:\/\/extremeneria.com\/wp-content\/uploads\/2022\/03\/Encuentro-Extremadura-25M-Revuelta-campesina.jpg\" srcset=\"https:\/\/extremeneria.com\/wp-content\/uploads\/2022\/03\/Encuentro-Extremadura-25M-Revuelta-campesina.jpg 900w, https:\/\/extremeneria.com\/wp-content\/uploads\/2022\/03\/Encuentro-Extremadura-25M-Revuelta-campesina-300x300.jpg 300w, https:\/\/extremeneria.com\/wp-content\/uploads\/2022\/03\/Encuentro-Extremadura-25M-Revuelta-campesina-150x150.jpg 150w, https:\/\/extremeneria.com\/wp-content\/uploads\/2022\/03\/Encuentro-Extremadura-25M-Revuelta-campesina-768x768.jpg 768w\" sizes=\"auto, (max-width: 900px) 100vw, 900px\" \/><\/figure><\/li><li class=\"wp-block-jetpack-slideshow_slide swiper-slide\"><figure><img loading=\"lazy\" decoding=\"async\" width=\"1024\" height=\"768\" alt=\"\" class=\"wp-block-jetpack-slideshow_image wp-image-1681\" data-id=\"1681\" src=\"https:\/\/extremeneria.com\/wp-content\/uploads\/2022\/04\/Charla-Coloquio-25-M-Extremadura.jpg\" srcset=\"https:\/\/extremeneria.com\/wp-content\/uploads\/2022\/04\/Charla-Coloquio-25-M-Extremadura.jpg 1024w, https:\/\/extremeneria.com\/wp-content\/uploads\/2022\/04\/Charla-Coloquio-25-M-Extremadura-300x225.jpg 300w, https:\/\/extremeneria.com\/wp-content\/uploads\/2022\/04\/Charla-Coloquio-25-M-Extremadura-768x576.jpg 768w\" sizes=\"auto, (max-width: 1024px) 100vw, 1024px\" \/><\/figure><\/li><li class=\"wp-block-jetpack-slideshow_slide swiper-slide\"><figure><img loading=\"lazy\" decoding=\"async\" width=\"1024\" height=\"768\" alt=\"\" class=\"wp-block-jetpack-slideshow_image wp-image-1682\" data-id=\"1682\" src=\"https:\/\/extremeneria.com\/wp-content\/uploads\/2022\/04\/Charla-Coloquio-25M-Extremadura-2.jpg\" srcset=\"https:\/\/extremeneria.com\/wp-content\/uploads\/2022\/04\/Charla-Coloquio-25M-Extremadura-2.jpg 1024w, https:\/\/extremeneria.com\/wp-content\/uploads\/2022\/04\/Charla-Coloquio-25M-Extremadura-2-300x225.jpg 300w, https:\/\/extremeneria.com\/wp-content\/uploads\/2022\/04\/Charla-Coloquio-25M-Extremadura-2-768x576.jpg 768w\" sizes=\"auto, (max-width: 1024px) 100vw, 1024px\" \/><\/figure><\/li><li class=\"wp-block-jetpack-slideshow_slide swiper-slide\"><figure><img loading=\"lazy\" decoding=\"async\" width=\"1024\" height=\"768\" alt=\"\" class=\"wp-block-jetpack-slideshow_image wp-image-1683\" data-id=\"1683\" src=\"https:\/\/extremeneria.com\/wp-content\/uploads\/2022\/04\/Charla-Coloquio-25M-Extremadura-3.jpg\" srcset=\"https:\/\/extremeneria.com\/wp-content\/uploads\/2022\/04\/Charla-Coloquio-25M-Extremadura-3.jpg 1024w, https:\/\/extremeneria.com\/wp-content\/uploads\/2022\/04\/Charla-Coloquio-25M-Extremadura-3-300x225.jpg 300w, https:\/\/extremeneria.com\/wp-content\/uploads\/2022\/04\/Charla-Coloquio-25M-Extremadura-3-768x576.jpg 768w\" sizes=\"auto, (max-width: 1024px) 100vw, 1024px\" \/><\/figure><\/li><li class=\"wp-block-jetpack-slideshow_slide swiper-slide\"><figure><img loading=\"lazy\" decoding=\"async\" width=\"768\" height=\"1024\" alt=\"\" class=\"wp-block-jetpack-slideshow_image wp-image-1684\" data-id=\"1684\" src=\"https:\/\/extremeneria.com\/wp-content\/uploads\/2022\/04\/Charla-Coloquio-25M-Extremadura-4-768x1024.jpg\" srcset=\"https:\/\/extremeneria.com\/wp-content\/uploads\/2022\/04\/Charla-Coloquio-25M-Extremadura-4-768x1024.jpg 768w, https:\/\/extremeneria.com\/wp-content\/uploads\/2022\/04\/Charla-Coloquio-25M-Extremadura-4-225x300.jpg 225w, https:\/\/extremeneria.com\/wp-content\/uploads\/2022\/04\/Charla-Coloquio-25M-Extremadura-4-1152x1536.jpg 1152w, https:\/\/extremeneria.com\/wp-content\/uploads\/2022\/04\/Charla-Coloquio-25M-Extremadura-4.jpg 1200w\" sizes=\"auto, (max-width: 768px) 100vw, 768px\" \/><\/figure><\/li><li class=\"wp-block-jetpack-slideshow_slide swiper-slide\"><figure><img loading=\"lazy\" decoding=\"async\" width=\"768\" height=\"1024\" alt=\"\" class=\"wp-block-jetpack-slideshow_image wp-image-1685\" data-id=\"1685\" src=\"https:\/\/extremeneria.com\/wp-content\/uploads\/2022\/04\/Charla-Coloquio-25M-Extremeneria-Extremadura-5-768x1024.jpg\" srcset=\"https:\/\/extremeneria.com\/wp-content\/uploads\/2022\/04\/Charla-Coloquio-25M-Extremeneria-Extremadura-5-768x1024.jpg 768w, https:\/\/extremeneria.com\/wp-content\/uploads\/2022\/04\/Charla-Coloquio-25M-Extremeneria-Extremadura-5-225x300.jpg 225w, https:\/\/extremeneria.com\/wp-content\/uploads\/2022\/04\/Charla-Coloquio-25M-Extremeneria-Extremadura-5-1152x1536.jpg 1152w, https:\/\/extremeneria.com\/wp-content\/uploads\/2022\/04\/Charla-Coloquio-25M-Extremeneria-Extremadura-5.jpg 1200w\" sizes=\"auto, (max-width: 768px) 100vw, 768px\" \/><\/figure><\/li><\/ul><a class=\"wp-block-jetpack-slideshow_button-prev swiper-button-prev swiper-button-white\" role=\"button\"><\/a><a class=\"wp-block-jetpack-slideshow_button-next swiper-button-next swiper-button-white\" role=\"button\"><\/a><a aria-label=\"Pause Slideshow\" class=\"wp-block-jetpack-slideshow_button-pause\" role=\"button\"><\/a><div class=\"wp-block-jetpack-slideshow_pagination swiper-pagination swiper-pagination-white\"><\/div><\/div><\/div>\n\n\n\n<p class=\"has-text-align-justify\">Para conocer lo que pas\u00f3 el 25 de marzo de 1936 en los campos de <strong>Extremadura <\/strong>y saber por qu\u00e9 este d\u00eda es una fecha de memoria y reivindicaci\u00f3n para el pueblo extreme\u00f1o, Extreme\u00f1eria ofrece una charla-debate en el Hogar Extreme\u00f1o de Madrid el martes, 29 de marzo. <\/p>\n\n\n\n<p class=\"has-text-align-justify\">Como pre\u00e1mbulo a un d\u00eda tan importante en la historia de Extremadura tuvimos otro d\u00eda hist\u00f3rico para nuestra plataforma. El 24 de marzo se debati\u00f3 en la Asamblea regional la Propuesta de Impulso instando a la Junta de Extremadura a reconocer institucionalmente la figura de <strong>Antonio Elviro Berdeguer<\/strong> y a llevar a cabo una serie de actuaciones para la difusi\u00f3n de su figura y su obra. Se aprob\u00f3 por unanimidad de todos los grupos pol\u00edticos de la Asamblea.<\/p>\n\n\n\n<p>Un aut\u00e9ntico placer poder haberlo vivido en directo, junto con la hija y nietos de Antonio Elviro Berdeguer.<strong> La sociedad civil tambi\u00e9n puede hacer pol\u00edtica<\/strong>. Es la primera, pero no ser\u00e1 la \u00faltima. \u00a1Seguimos!<\/p>\n\n\n\n<div class=\"wp-block-image\"><figure class=\"aligncenter size-large is-resized\"><img loading=\"lazy\" decoding=\"async\" src=\"https:\/\/extremeneria.com\/wp-content\/uploads\/2021\/12\/PUBLICACION1-1024x1024.png\" alt=\"\" class=\"wp-image-1004\" width=\"218\" height=\"218\" srcset=\"https:\/\/extremeneria.com\/wp-content\/uploads\/2021\/12\/PUBLICACION1-1024x1024.png 1024w, https:\/\/extremeneria.com\/wp-content\/uploads\/2021\/12\/PUBLICACION1-300x300.png 300w, https:\/\/extremeneria.com\/wp-content\/uploads\/2021\/12\/PUBLICACION1-150x150.png 150w, https:\/\/extremeneria.com\/wp-content\/uploads\/2021\/12\/PUBLICACION1-768x768.png 768w, https:\/\/extremeneria.com\/wp-content\/uploads\/2021\/12\/PUBLICACION1.png 1080w\" sizes=\"auto, (max-width: 218px) 100vw, 218px\" \/><figcaption>Antonio Elviro Berdeguer<\/figcaption><\/figure><\/div>\n\n\n\n<div class=\"wp-block-buttons is-content-justification-center is-layout-flex wp-block-buttons-is-layout-flex\">\n<div class=\"wp-block-button\"><a class=\"wp-block-button__link\" href=\"https:\/\/extremeneria.com\/index.php\/2022\/04\/02\/aprobado-institucionalmente-el-reconocimiento-a-antonio-elviro-berdeguer\/\">Aprobado institucionalmente el reconocimiento a Antonio Elviro Berdeguer<\/a><\/div>\n<\/div>\n","protected":false},"excerpt":{"rendered":"<p>De cara al 25 de marzo, d\u00eda importante para Extremadura, queremos recuperar el art\u00edculo de nuestro compa\u00f1ero Alberto Hidalgo para \u00abEl Salto Extremadura\u00bb. \u201cUna nueva primavera para Extremadura: un 25 de marzo extreme\u00f1ista\u201d Este 25 de marzo queremos hacer un recorrido en la historia, que nos lleve desde aquellos que comenzaron a pensarla, los que&hellip;<\/p>\n","protected":false},"author":3,"featured_media":1628,"comment_status":"closed","ping_status":"closed","sticky":false,"template":"","format":"standard","meta":[],"categories":[8],"tags":[],"class_list":["post-1602","post","type-post","status-publish","format-standard","has-post-thumbnail","hentry","category-divulgacion","category-8","description-off"],"jetpack_featured_media_url":"https:\/\/extremeneria.com\/wp-content\/uploads\/2022\/03\/2.png","_links":{"self":[{"href":"https:\/\/extremeneria.com\/index.php\/wp-json\/wp\/v2\/posts\/1602","targetHints":{"allow":["GET"]}}],"collection":[{"href":"https:\/\/extremeneria.com\/index.php\/wp-json\/wp\/v2\/posts"}],"about":[{"href":"https:\/\/extremeneria.com\/index.php\/wp-json\/wp\/v2\/types\/post"}],"author":[{"embeddable":true,"href":"https:\/\/extremeneria.com\/index.php\/wp-json\/wp\/v2\/users\/3"}],"replies":[{"embeddable":true,"href":"https:\/\/extremeneria.com\/index.php\/wp-json\/wp\/v2\/comments?post=1602"}],"version-history":[{"count":16,"href":"https:\/\/extremeneria.com\/index.php\/wp-json\/wp\/v2\/posts\/1602\/revisions"}],"predecessor-version":[{"id":1697,"href":"https:\/\/extremeneria.com\/index.php\/wp-json\/wp\/v2\/posts\/1602\/revisions\/1697"}],"wp:featuredmedia":[{"embeddable":true,"href":"https:\/\/extremeneria.com\/index.php\/wp-json\/wp\/v2\/media\/1628"}],"wp:attachment":[{"href":"https:\/\/extremeneria.com\/index.php\/wp-json\/wp\/v2\/media?parent=1602"}],"wp:term":[{"taxonomy":"category","embeddable":true,"href":"https:\/\/extremeneria.com\/index.php\/wp-json\/wp\/v2\/categories?post=1602"},{"taxonomy":"post_tag","embeddable":true,"href":"https:\/\/extremeneria.com\/index.php\/wp-json\/wp\/v2\/tags?post=1602"}],"curies":[{"name":"wp","href":"https:\/\/api.w.org\/{rel}","templated":true}]}}