{"id":2628,"date":"2022-11-03T12:46:00","date_gmt":"2022-11-03T11:46:00","guid":{"rendered":"https:\/\/extremeneria.com\/?p=2628"},"modified":"2022-11-04T09:18:58","modified_gmt":"2022-11-04T08:18:58","slug":"decalogo-de-iberismo","status":"publish","type":"post","link":"https:\/\/extremeneria.com\/index.php\/2022\/11\/03\/decalogo-de-iberismo\/","title":{"rendered":"Dec\u00e1logo de Iberismo"},"content":{"rendered":"\n<p><\/p>\n\n\n\n<p class=\"has-text-align-center has-medium-font-size\"><strong><span class=\"has-inline-color has-accent-color\"><strong>El iberismo de Extreme\u00f1er\u00eda<\/strong><\/span><\/strong><\/p>\n\n\n\n<div style=\"height:40px\" aria-hidden=\"true\" class=\"wp-block-spacer\"><\/div>\n\n\n\n<p class=\"has-text-align-justify\"><em><strong><span class=\"has-inline-color has-accent-color\">Extreme\u00f1er\u00eda <\/span><\/strong><\/em>tiene en el iberismo uno de los ejes de acci\u00f3n prioritaria sobre el que desarrollar la estrategia de futuro extreme\u00f1o. Enti\u00e9ndase iberismo desde un punto de vista social y cultural, que respeta identidades y el orden jur\u00eddico-administrativo vigente pero que aboga por el estrechamiento de los lazos que unen a la regi\u00f3n extreme\u00f1a con sus vecinas portuguesas, especialmente con Alentejo y Regi\u00f3n Centro, con las que comparte geograf\u00eda, historia, particularidades culturales y retos venideros. <\/p>\n\n\n\n<p class=\"has-text-align-justify\">Extremadura no puede entenderse sin Portugal \u2013ni ambas sin el marco ib\u00e9rico y europeo\u2013 y el reconocimiento mutuo y la planificaci\u00f3n de un proyecto com\u00fan se hacen indispensables para progreso de ambos territorios. Atr\u00e1s quedaron los tiempos en los que la frontera supuso conflicto y marginaci\u00f3n. En la actualidad, madurado el proyecto europeo que difumina la Raya-<em>Raia <\/em>pol\u00edtica, el siguiente paso ha de avanzar en la construcci\u00f3n de una sociedad hermanada que sea capaz de abandonar el complejo y la realidad de periferia. <\/p>\n\n\n\n<p class=\"has-text-align-justify\">A continuaci\u00f3n, se exponen diez ideas que <em><strong>Extreme\u00f1er\u00eda <\/strong><\/em>pone sobre la mesa en su reivindicaci\u00f3n del iberismo. Algunas propuestas concretas exigen avanzar sobre caminos de largo recorrido, otros puntos resultan forzosamente generales y sobre ellos habr\u00e1 que profundizar pr\u00f3ximamente. La sociedad extreme\u00f1a tiene que poner el foco en su flanco portugu\u00e9s y actuar de adalid iberista en el panorama peninsular que se abre de cara a las pr\u00f3ximas d\u00e9cadas.<\/p>\n\n\n\n<div style=\"height:40px\" aria-hidden=\"true\" class=\"wp-block-spacer\"><\/div>\n\n\n\n<p class=\"has-text-align-center has-medium-font-size\"><strong><span class=\"has-inline-color has-accent-color\">Dec\u00e1logo Iberista de <em>Extreme\u00f1er\u00eda <\/em><\/span><\/strong><\/p>\n\n\n\n<div style=\"height:40px\" aria-hidden=\"true\" class=\"wp-block-spacer\"><\/div>\n\n\n\n<p class=\"has-text-align-justify\">1. <strong>Relaciones bilaterales <\/strong>de periodicidad continua entre Extremadura y Portugal y mayor capacidad de acci\u00f3n de la Delegaci\u00f3n extreme\u00f1a en Lisboa (<em>Gabinete de Iniciativas Transfronterizas<\/em>). Representaci\u00f3n permanente de la Junta y Asamblea de Extremadura en las reuniones peri\u00f3dicas de las Cumbres Ib\u00e9ricas.<\/p>\n\n\n\n<p class=\"has-text-align-justify\">2. <strong>Amplificaci\u00f3n conceptual de la Raya<\/strong>, entendi\u00e9ndose como franja geocultural amplia, no lineal, y potenciaci\u00f3n del asociacionismo municipal y comarcal transfronterizo. Reorientaci\u00f3n del concepto hist\u00f3rico de Lusitania como abarcador de realidades territoriales tanto portuguesas como espa\u00f1olas e integrador de la Eurorregi\u00f3n ACE.<\/p>\n\n\n\n<p class=\"has-text-align-justify\">3. <strong>Implementaci\u00f3n de la Eurorregi\u00f3n <\/strong><em>Alentejo-Centro-Extremadura <\/em>con el desarrollo y dotaci\u00f3n de personalidad jur\u00eddica y de competencias compartidas a la instituci\u00f3n y a los \u00f3rganos que la integran para la <strong>gesti\u00f3n com\u00fan de los servicios p\u00fablicos <\/strong>(\u00e1mbitos sanitarios, laborales, culturales) y el <strong>trabajo conjunto frente a los retos <\/strong>compartidos (emergencia clim\u00e1tica, despoblaci\u00f3n rural).<\/p>\n\n\n\n<p class=\"has-text-align-justify\">4. <strong>Implementaci\u00f3n de la Eurociudad <\/strong><em>Badajoz-Elvas-Campomaior <\/em>con el fomento del <strong>biling\u00fcismo pleno<\/strong>, la movilidad laboral, la interconexi\u00f3n mediante transporte p\u00fablico bonificado y proyectos comunes que busquen la consolidaci\u00f3n de un <strong>centro interurbano de referencia socioecon\u00f3mica ycultural entre Madrid y Lisboa<\/strong>.<\/p>\n\n\n\n<p class=\"has-text-align-justify\">5. <strong>Revalorizaci\u00f3n de la singularidad cultural luso-espa\u00f1ola de Olivenza, <\/strong>inclusi\u00f3n en la Eurociudad BEC y apuesta por su resignificaci\u00f3n como capital ib\u00e9rica y sede de organismos comunes.<\/p>\n\n\n\n<p class=\"has-text-align-justify\">6. <strong>Portugu\u00e9s como lengua propia de Extremadura<\/strong>, intensificaci\u00f3n en el fomento del <strong>biling\u00fcismo <\/strong>y protecci\u00f3n y promoci\u00f3n de las modalidades ling\u00fc\u00edsticas minoritarias de la <em>Franja <\/em>(variantes del <em>portugu\u00e9s raiano<\/em>, <em>a fala<\/em>, <em>mirand\u00e9s <\/em>y <em>barranquenho<\/em>).<\/p>\n\n\n\n<p class=\"has-text-align-justify\">7. <strong>Promoci\u00f3n de la identidad ib\u00e9rica <\/strong>sobre la base de la revalorizaci\u00f3n de la historia, el patrimonio y los referentes intelectuales y literarios comunes, apostando decididamente por <strong>una Cultura aglutinante y dinamizadora del territorio<\/strong>.<\/p>\n\n\n\n<p class=\"has-text-align-justify\">8. <strong>Educaci\u00f3n, Ciencia e Investigaci\u00f3n <\/strong>como pilares de una sociedad tolerante y avanzada, para lo cual se requiere mayor presencia de la realidad portuguesa en el <em>curriculum <\/em>educativo extreme\u00f1o (y viceversa), m\u00e1s <strong>movilidad transfronteriza <\/strong>de estudiantes e investigadores y <strong>cooperaci\u00f3n entre las universidades<\/strong>.<\/p>\n\n\n\n<p class=\"has-text-align-justify\">9. <strong>M\u00e1s y mejores comunicaciones ferroviarias <\/strong>(l\u00ednea convencional Extremadura- Lisboa por Badajoz, apertura de la l\u00ednea del Tren Lusitania, fomento de la l\u00ednea Sevilla-Lisboa y ejecuci\u00f3n de la alta velocidad Madrid-Lisboa a trav\u00e9s de Extremadura) <strong>y por carretera <\/strong>(m\u00e1s frecuencias de transporte p\u00fablico transfronterizo, puente sobre el r\u00edo Sever, ejecuci\u00f3n del tramo de autov\u00eda Monfortinho-Moraleja, proyecci\u00f3n del tramo Santa Amalia-Ciudad Real de autov\u00eda Lisboa-Valencia). Creaci\u00f3n de una autoridad de transporte transfronterizo competente en transporte ferroviario y l\u00edneas de autob\u00fas.<\/p>\n\n\n\n<p class=\"has-text-align-justify\">10. <strong>Econom\u00eda y empleo <\/strong>con base en criterios de sostenibilidad social y medioambiental, apoyo a la tradici\u00f3n agroganadera del suroeste, transici\u00f3n ecol\u00f3gica, fomento del comercio transfronterizo de proximidad, manufacturaci\u00f3n en el propio territorio, <strong>conexi\u00f3n con el puerto de Sines para las mercanc\u00edas extreme\u00f1as o planificaci\u00f3n conjunta en materia tur\u00edstica<\/strong>, entre otras.<\/p>\n\n\n\n<div style=\"height:50px\" aria-hidden=\"true\" class=\"wp-block-spacer\"><\/div>\n\n\n\n<div class=\"wp-block-buttons is-content-justification-center is-layout-flex wp-block-buttons-is-layout-flex\">\n<div class=\"wp-block-button\"><a class=\"wp-block-button__link\" href=\"https:\/\/extremeneria.com\/wp-content\/uploads\/2022\/11\/Decalogo-iberista-de-Extremeneria.pdf\">Descargar<\/a><\/div>\n<\/div>\n\n\n\n<div style=\"height:40px\" aria-hidden=\"true\" class=\"wp-block-spacer\"><\/div>\n\n\n\n<div class=\"wp-block-jetpack-slideshow aligncenter\" data-effect=\"slide\"><div class=\"wp-block-jetpack-slideshow_container swiper-container\"><ul class=\"wp-block-jetpack-slideshow_swiper-wrapper swiper-wrapper\"><li class=\"wp-block-jetpack-slideshow_slide swiper-slide\"><figure><img loading=\"lazy\" decoding=\"async\" width=\"1024\" height=\"1024\" alt=\"\" class=\"wp-block-jetpack-slideshow_image wp-image-2982\" data-id=\"2982\" src=\"https:\/\/extremeneria.com\/wp-content\/uploads\/2022\/11\/1.-Decalogo-Iberismo-1024x1024.png\" srcset=\"https:\/\/extremeneria.com\/wp-content\/uploads\/2022\/11\/1.-Decalogo-Iberismo-1024x1024.png 1024w, https:\/\/extremeneria.com\/wp-content\/uploads\/2022\/11\/1.-Decalogo-Iberismo-300x300.png 300w, https:\/\/extremeneria.com\/wp-content\/uploads\/2022\/11\/1.-Decalogo-Iberismo-150x150.png 150w, https:\/\/extremeneria.com\/wp-content\/uploads\/2022\/11\/1.-Decalogo-Iberismo-768x768.png 768w, https:\/\/extremeneria.com\/wp-content\/uploads\/2022\/11\/1.-Decalogo-Iberismo.png 1080w\" sizes=\"auto, (max-width: 1024px) 100vw, 1024px\" \/><\/figure><\/li><li class=\"wp-block-jetpack-slideshow_slide swiper-slide\"><figure><img loading=\"lazy\" decoding=\"async\" width=\"1024\" height=\"1024\" alt=\"\" class=\"wp-block-jetpack-slideshow_image wp-image-2983\" data-id=\"2983\" src=\"https:\/\/extremeneria.com\/wp-content\/uploads\/2022\/11\/2.-Decalogo-Iberismo-1024x1024.png\" srcset=\"https:\/\/extremeneria.com\/wp-content\/uploads\/2022\/11\/2.-Decalogo-Iberismo-1024x1024.png 1024w, https:\/\/extremeneria.com\/wp-content\/uploads\/2022\/11\/2.-Decalogo-Iberismo-300x300.png 300w, https:\/\/extremeneria.com\/wp-content\/uploads\/2022\/11\/2.-Decalogo-Iberismo-150x150.png 150w, https:\/\/extremeneria.com\/wp-content\/uploads\/2022\/11\/2.-Decalogo-Iberismo-768x768.png 768w, https:\/\/extremeneria.com\/wp-content\/uploads\/2022\/11\/2.-Decalogo-Iberismo.png 1080w\" sizes=\"auto, (max-width: 1024px) 100vw, 1024px\" \/><\/figure><\/li><li class=\"wp-block-jetpack-slideshow_slide swiper-slide\"><figure><img loading=\"lazy\" decoding=\"async\" width=\"1024\" height=\"1024\" alt=\"\" class=\"wp-block-jetpack-slideshow_image wp-image-2985\" data-id=\"2985\" src=\"https:\/\/extremeneria.com\/wp-content\/uploads\/2022\/11\/3.-Decalogo-Iberismo-1024x1024.png\" srcset=\"https:\/\/extremeneria.com\/wp-content\/uploads\/2022\/11\/3.-Decalogo-Iberismo-1024x1024.png 1024w, https:\/\/extremeneria.com\/wp-content\/uploads\/2022\/11\/3.-Decalogo-Iberismo-300x300.png 300w, https:\/\/extremeneria.com\/wp-content\/uploads\/2022\/11\/3.-Decalogo-Iberismo-150x150.png 150w, https:\/\/extremeneria.com\/wp-content\/uploads\/2022\/11\/3.-Decalogo-Iberismo-768x768.png 768w, https:\/\/extremeneria.com\/wp-content\/uploads\/2022\/11\/3.-Decalogo-Iberismo.png 1080w\" sizes=\"auto, (max-width: 1024px) 100vw, 1024px\" \/><\/figure><\/li><li class=\"wp-block-jetpack-slideshow_slide swiper-slide\"><figure><img loading=\"lazy\" decoding=\"async\" width=\"1024\" height=\"1024\" alt=\"\" class=\"wp-block-jetpack-slideshow_image wp-image-2987\" data-id=\"2987\" src=\"https:\/\/extremeneria.com\/wp-content\/uploads\/2022\/11\/4.-Decalogo-Iberismo-1024x1024.png\" srcset=\"https:\/\/extremeneria.com\/wp-content\/uploads\/2022\/11\/4.-Decalogo-Iberismo-1024x1024.png 1024w, https:\/\/extremeneria.com\/wp-content\/uploads\/2022\/11\/4.-Decalogo-Iberismo-300x300.png 300w, https:\/\/extremeneria.com\/wp-content\/uploads\/2022\/11\/4.-Decalogo-Iberismo-150x150.png 150w, https:\/\/extremeneria.com\/wp-content\/uploads\/2022\/11\/4.-Decalogo-Iberismo-768x768.png 768w, https:\/\/extremeneria.com\/wp-content\/uploads\/2022\/11\/4.-Decalogo-Iberismo.png 1080w\" sizes=\"auto, (max-width: 1024px) 100vw, 1024px\" \/><\/figure><\/li><li class=\"wp-block-jetpack-slideshow_slide swiper-slide\"><figure><img loading=\"lazy\" decoding=\"async\" width=\"1024\" height=\"1024\" alt=\"\" class=\"wp-block-jetpack-slideshow_image wp-image-2988\" data-id=\"2988\" src=\"https:\/\/extremeneria.com\/wp-content\/uploads\/2022\/11\/5.-Decalogo-Iberismo-1024x1024.png\" srcset=\"https:\/\/extremeneria.com\/wp-content\/uploads\/2022\/11\/5.-Decalogo-Iberismo-1024x1024.png 1024w, https:\/\/extremeneria.com\/wp-content\/uploads\/2022\/11\/5.-Decalogo-Iberismo-300x300.png 300w, https:\/\/extremeneria.com\/wp-content\/uploads\/2022\/11\/5.-Decalogo-Iberismo-150x150.png 150w, https:\/\/extremeneria.com\/wp-content\/uploads\/2022\/11\/5.-Decalogo-Iberismo-768x768.png 768w, https:\/\/extremeneria.com\/wp-content\/uploads\/2022\/11\/5.-Decalogo-Iberismo.png 1080w\" sizes=\"auto, (max-width: 1024px) 100vw, 1024px\" \/><\/figure><\/li><li class=\"wp-block-jetpack-slideshow_slide swiper-slide\"><figure><img loading=\"lazy\" decoding=\"async\" width=\"1024\" height=\"1024\" alt=\"\" class=\"wp-block-jetpack-slideshow_image wp-image-2989\" data-id=\"2989\" src=\"https:\/\/extremeneria.com\/wp-content\/uploads\/2022\/11\/6.-Decalogo-Iberismo-1024x1024.png\" srcset=\"https:\/\/extremeneria.com\/wp-content\/uploads\/2022\/11\/6.-Decalogo-Iberismo-1024x1024.png 1024w, https:\/\/extremeneria.com\/wp-content\/uploads\/2022\/11\/6.-Decalogo-Iberismo-300x300.png 300w, https:\/\/extremeneria.com\/wp-content\/uploads\/2022\/11\/6.-Decalogo-Iberismo-150x150.png 150w, https:\/\/extremeneria.com\/wp-content\/uploads\/2022\/11\/6.-Decalogo-Iberismo-768x768.png 768w, https:\/\/extremeneria.com\/wp-content\/uploads\/2022\/11\/6.-Decalogo-Iberismo.png 1080w\" sizes=\"auto, (max-width: 1024px) 100vw, 1024px\" \/><\/figure><\/li><\/ul><a class=\"wp-block-jetpack-slideshow_button-prev swiper-button-prev swiper-button-white\" role=\"button\"><\/a><a class=\"wp-block-jetpack-slideshow_button-next swiper-button-next swiper-button-white\" role=\"button\"><\/a><a aria-label=\"Pause Slideshow\" class=\"wp-block-jetpack-slideshow_button-pause\" role=\"button\"><\/a><div class=\"wp-block-jetpack-slideshow_pagination swiper-pagination swiper-pagination-white\"><\/div><\/div><\/div>\n","protected":false},"excerpt":{"rendered":"<p>El iberismo de Extreme\u00f1er\u00eda Extreme\u00f1er\u00eda tiene en el iberismo uno de los ejes de acci\u00f3n prioritaria sobre el que desarrollar la estrategia de futuro extreme\u00f1o. Enti\u00e9ndase iberismo desde un punto de vista social y cultural, que respeta identidades y el orden jur\u00eddico-administrativo vigente pero que aboga por el estrechamiento de los lazos que unen a&hellip;<\/p>\n","protected":false},"author":3,"featured_media":2909,"comment_status":"closed","ping_status":"closed","sticky":false,"template":"","format":"standard","meta":[],"categories":[10],"tags":[],"class_list":["post-2628","post","type-post","status-publish","format-standard","has-post-thumbnail","hentry","category-decalogos","category-10","description-off"],"jetpack_featured_media_url":"https:\/\/extremeneria.com\/wp-content\/uploads\/2021\/10\/Decalogo-Iberismo.png","_links":{"self":[{"href":"https:\/\/extremeneria.com\/index.php\/wp-json\/wp\/v2\/posts\/2628","targetHints":{"allow":["GET"]}}],"collection":[{"href":"https:\/\/extremeneria.com\/index.php\/wp-json\/wp\/v2\/posts"}],"about":[{"href":"https:\/\/extremeneria.com\/index.php\/wp-json\/wp\/v2\/types\/post"}],"author":[{"embeddable":true,"href":"https:\/\/extremeneria.com\/index.php\/wp-json\/wp\/v2\/users\/3"}],"replies":[{"embeddable":true,"href":"https:\/\/extremeneria.com\/index.php\/wp-json\/wp\/v2\/comments?post=2628"}],"version-history":[{"count":14,"href":"https:\/\/extremeneria.com\/index.php\/wp-json\/wp\/v2\/posts\/2628\/revisions"}],"predecessor-version":[{"id":2993,"href":"https:\/\/extremeneria.com\/index.php\/wp-json\/wp\/v2\/posts\/2628\/revisions\/2993"}],"wp:featuredmedia":[{"embeddable":true,"href":"https:\/\/extremeneria.com\/index.php\/wp-json\/wp\/v2\/media\/2909"}],"wp:attachment":[{"href":"https:\/\/extremeneria.com\/index.php\/wp-json\/wp\/v2\/media?parent=2628"}],"wp:term":[{"taxonomy":"category","embeddable":true,"href":"https:\/\/extremeneria.com\/index.php\/wp-json\/wp\/v2\/categories?post=2628"},{"taxonomy":"post_tag","embeddable":true,"href":"https:\/\/extremeneria.com\/index.php\/wp-json\/wp\/v2\/tags?post=2628"}],"curies":[{"name":"wp","href":"https:\/\/api.w.org\/{rel}","templated":true}]}}