{"id":2751,"date":"2022-10-22T07:43:00","date_gmt":"2022-10-22T05:43:00","guid":{"rendered":"https:\/\/extremeneria.com\/?p=2751"},"modified":"2022-10-24T08:15:22","modified_gmt":"2022-10-24T06:15:22","slug":"decalogo-de-extremenismo","status":"publish","type":"post","link":"https:\/\/extremeneria.com\/index.php\/2022\/10\/22\/decalogo-de-extremenismo\/","title":{"rendered":"Dec\u00e1logo de Extreme\u00f1ismo"},"content":{"rendered":"\n<p class=\"has-text-align-center has-medium-font-size\"> <strong><span class=\"has-inline-color has-accent-color\"><strong>El extreme\u00f1ismo de Extreme\u00f1er\u00eda<\/strong><\/span><\/strong>. <\/p>\n\n\n\n<div style=\"height:40px\" aria-hidden=\"true\" class=\"wp-block-spacer\"><\/div>\n\n\n\n<p class=\"has-text-align-justify\">El extreme\u00f1ismo es la &#8216;columna vertebral&#8217; de Extreme\u00f1er\u00eda y otro de las grandes ejes de acci\u00f3n prioritaria de la asociaci\u00f3n. D\u00e9cadas de reflexi\u00f3n y aportes de pensadores y pensadores permiten a d\u00eda de hoy, en el siglo XX, elaborar una propuesta resumida de las bases de un extreme\u00f1ismo seg\u00fan la interpretaci\u00f3n social, cultural, econ\u00f3mica y pol\u00edtica de Extreme\u00f1er\u00eda. A continuaci\u00f3n se exponen los 10 grandes puntos sobre lo que se debe progresar en adelante para la consecuci\u00f3n de una sociedad extreme\u00f1a con mayor arraigo, identidad y fortaleza social y pol\u00edtica.<\/p>\n\n\n\n<div style=\"height:40px\" aria-hidden=\"true\" class=\"wp-block-spacer\"><\/div>\n\n\n\n<p class=\"has-text-align-center has-medium-font-size\"><span class=\"has-inline-color has-accent-color\"><strong>Dec\u00e1logo extreme\u00f1ista de Extreme\u00f1er\u00eda<\/strong>.<\/span><\/p>\n\n\n\n<div style=\"height:40px\" aria-hidden=\"true\" class=\"wp-block-spacer\"><\/div>\n\n\n\n<p class=\"has-text-align-justify\">1. El extreme\u00f1ismo nace como <strong>manifestaci\u00f3n del hartazgo del pueblo extreme\u00f1o <\/strong>por a\u00f1os de olvido, postergaci\u00f3n y explotaci\u00f3n de recursos, como puesta en valor y reivindicaci\u00f3n de su <strong>identidad propia <\/strong>y como <strong>derecho al autogobierno<\/strong>.<\/p>\n\n\n\n<p>2. El extreme\u00f1ismo entiende a <strong>Extremadura <\/strong>como sujeto pol\u00edtico aut\u00f3nomo y <strong>unificado y culturalmente diverso<\/strong>. <\/p>\n\n\n\n<p class=\"has-text-align-justify\">3. El extreme\u00f1ismo aboga por la mejora de la <strong>representaci\u00f3n de Extremadura a nivel estatal y supranacional<\/strong>, as\u00ed como la defensa de su autogobierno y de sus competencias pol\u00edticas adquiridas contando siempre con una <strong>financiaci\u00f3n socialmente justa y adecuada<\/strong>. <\/p>\n\n\n\n<p class=\"has-text-align-justify\">4. El extreme\u00f1ismo apuesta por la <strong>comarcalizaci\u00f3n <\/strong>de los servicios p\u00fablicos y administrativos de \u00e1mbito auton\u00f3mico, mancomunal y municipal. <\/p>\n\n\n\n<p class=\"has-text-align-justify\">5. El extreme\u00f1ismo pretende la revalorizaci\u00f3n y la promoci\u00f3n de <strong>riqueza patrimonial material e inmaterial <\/strong>de Extremadura manifestada tanto en el folclore como en las innovaciones culturales contempor\u00e1neas. <\/p>\n\n\n\n<p class=\"has-text-align-justify\">6. El extreme\u00f1ismo debe reivindicar e impulsar la promoci\u00f3n de la <strong>identidad y la cultura extreme\u00f1as <\/strong>a trav\u00e9s de sus tradiciones, lenguas, literatura, teatro, cine, m\u00fasica, etc. <\/p>\n\n\n\n<p class=\"has-text-align-justify\">7. La <strong>ruralidad <\/strong>es un rasgo esencial de Extremadura, por tanto, esta unido al extreme\u00f1ismo garantizar el bienestar y la vida digna social y laboral de las personas que viven en nuestros pueblos es un asunto prioritario. <\/p>\n\n\n\n<p class=\"has-text-align-justify\">8. El extreme\u00f1ismo esta intr\u00ednsecamente <strong>vinculado al iberismo<\/strong>, entendiendo este como la intensificaci\u00f3n de las relaciones de Extremadura con Portugal, y en particular con el Alentejo y la Regi\u00f3n Centro. <\/p>\n\n\n\n<p class=\"has-text-align-justify\">9. El extreme\u00f1ismo asume como deber garantizar la <strong>participaci\u00f3n de los\/as extreme\u00f1os\/as que viven dentro y que viven fuera de la regi\u00f3n. El car\u00e1cter emigrante <\/strong>del pueblo extreme\u00f1o ha de servir para la concienciaci\u00f3n sobre la memoria hist\u00f3rica y democr\u00e1tica regional. <\/p>\n\n\n\n<p class=\"has-text-align-justify\">10.El extreme\u00f1ismo de Extreme\u00f1er\u00eda entiende que el patrimonio natural de la nuestra tierra es una de sus de mayores riquezas. No puede concebir otro <strong>modelo social y econ\u00f3mico que no sea sostenible y verde.<\/strong><\/p>\n\n\n\n<div style=\"height:40px\" aria-hidden=\"true\" class=\"wp-block-spacer\"><\/div>\n\n\n\n<p class=\"has-text-align-center has-medium-font-size\"><span class=\"has-inline-color has-accent-color\"><strong>Definici\u00f3n del extreme\u00f1ismo por Extreme\u00f1er\u00eda<\/strong>.<\/span><\/p>\n\n\n\n<div style=\"height:40px\" aria-hidden=\"true\" class=\"wp-block-spacer\"><\/div>\n\n\n\n<p class=\"has-text-align-justify\">El extreme\u00f1ismo es una corriente de pensamiento y acci\u00f3n social, pol\u00edtica, cultural que coloca a Extremadura en el centro de sus reivindicaciones y que nace de la manifestaci\u00f3n del hartazgo del pueblo extreme\u00f1o por a\u00f1os de olvido, postergaci\u00f3n y esquilmaci\u00f3n de recursos; que entiende a Extremadura como un sujeto pol\u00edtico \u00fanico pero culturalmente diverso, con una identidad propia y plural; que lucha por la defensa de la autonom\u00eda y del autogobierno extreme\u00f1o y del pleno uso de sus competencias adecuadamente financiadas; que apuesta por la comarcalizaci\u00f3n de los servicios p\u00fablicos y administrativos; que promueve una mejora de la representaci\u00f3n pol\u00edtica de Extremadura en las instituciones estatales y supranacionales; que pretende la revalorizaci\u00f3n y la promoci\u00f3n de su riqueza patrimonial material e inmaterial manifestada tanto en el folclore como en las innovaciones culturales contempor\u00e1neas; que entiende la ruralidad como uno de los rasgos esenciales de Extremadura y promueve que la igualdad y el bienestar social sea equiparable al del \u00e1mbito urbano; que asume que el patrimonio natural de nuestra tierra es una riqueza m\u00e1s y no concibe un modelo econ\u00f3mico y social que no lo respete y cuide; qu\u00e9 aboga por facilitar la participaci\u00f3n en conjunto de los extreme\u00f1os\/as residentes y emigrantes, evitando el desarraigo y la desvinculaci\u00f3n social, cultural y pol\u00edtica; y que asume que Extremadura no se entiende sin la vecindad con Portugal por lo que este extreme\u00f1ismo adquiere tambi\u00e9n un car\u00e1cter iberista, promoviendo la intensificaci\u00f3n de las relaciones con el pa\u00eds y la regiones hermanas.<\/p>\n\n\n\n<div style=\"height:40px\" aria-hidden=\"true\" class=\"wp-block-spacer\"><\/div>\n\n\n\n<div class=\"wp-block-buttons is-content-justification-center is-layout-flex wp-block-buttons-is-layout-flex\">\n<div class=\"wp-block-button\"><a class=\"wp-block-button__link\" href=\"https:\/\/extremeneria.com\/wp-content\/uploads\/2022\/10\/Decalogo-Exrmenenismo.pdf\">Descargar<\/a><\/div>\n<\/div>\n\n\n\n<div style=\"height:40px\" aria-hidden=\"true\" class=\"wp-block-spacer\"><\/div>\n\n\n\n<div class=\"wp-block-jetpack-slideshow aligncenter\" data-effect=\"slide\"><div class=\"wp-block-jetpack-slideshow_container swiper-container\"><ul class=\"wp-block-jetpack-slideshow_swiper-wrapper swiper-wrapper\"><li class=\"wp-block-jetpack-slideshow_slide swiper-slide\"><figure><img loading=\"lazy\" decoding=\"async\" width=\"1024\" height=\"1024\" alt=\"\" class=\"wp-block-jetpack-slideshow_image wp-image-2881\" data-id=\"2881\" src=\"https:\/\/extremeneria.com\/wp-content\/uploads\/2022\/10\/1.-Decalogo-Extremenismo-1024x1024.jpg\" srcset=\"https:\/\/extremeneria.com\/wp-content\/uploads\/2022\/10\/1.-Decalogo-Extremenismo-1024x1024.jpg 1024w, https:\/\/extremeneria.com\/wp-content\/uploads\/2022\/10\/1.-Decalogo-Extremenismo-300x300.jpg 300w, https:\/\/extremeneria.com\/wp-content\/uploads\/2022\/10\/1.-Decalogo-Extremenismo-150x150.jpg 150w, https:\/\/extremeneria.com\/wp-content\/uploads\/2022\/10\/1.-Decalogo-Extremenismo-768x768.jpg 768w, https:\/\/extremeneria.com\/wp-content\/uploads\/2022\/10\/1.-Decalogo-Extremenismo.jpg 1080w\" sizes=\"auto, (max-width: 1024px) 100vw, 1024px\" \/><\/figure><\/li><li class=\"wp-block-jetpack-slideshow_slide swiper-slide\"><figure><img loading=\"lazy\" decoding=\"async\" width=\"1024\" height=\"1024\" alt=\"\" class=\"wp-block-jetpack-slideshow_image wp-image-2882\" data-id=\"2882\" src=\"https:\/\/extremeneria.com\/wp-content\/uploads\/2022\/10\/2.-Decalogo-Extremenismo-1024x1024.jpg\" srcset=\"https:\/\/extremeneria.com\/wp-content\/uploads\/2022\/10\/2.-Decalogo-Extremenismo-1024x1024.jpg 1024w, https:\/\/extremeneria.com\/wp-content\/uploads\/2022\/10\/2.-Decalogo-Extremenismo-300x300.jpg 300w, https:\/\/extremeneria.com\/wp-content\/uploads\/2022\/10\/2.-Decalogo-Extremenismo-150x150.jpg 150w, https:\/\/extremeneria.com\/wp-content\/uploads\/2022\/10\/2.-Decalogo-Extremenismo-768x768.jpg 768w, https:\/\/extremeneria.com\/wp-content\/uploads\/2022\/10\/2.-Decalogo-Extremenismo.jpg 1080w\" sizes=\"auto, (max-width: 1024px) 100vw, 1024px\" \/><\/figure><\/li><li class=\"wp-block-jetpack-slideshow_slide swiper-slide\"><figure><img loading=\"lazy\" decoding=\"async\" width=\"1024\" height=\"1024\" alt=\"\" class=\"wp-block-jetpack-slideshow_image wp-image-2883\" data-id=\"2883\" src=\"https:\/\/extremeneria.com\/wp-content\/uploads\/2022\/10\/3.-Decalogo-Extremenismo-1024x1024.jpg\" srcset=\"https:\/\/extremeneria.com\/wp-content\/uploads\/2022\/10\/3.-Decalogo-Extremenismo-1024x1024.jpg 1024w, https:\/\/extremeneria.com\/wp-content\/uploads\/2022\/10\/3.-Decalogo-Extremenismo-300x300.jpg 300w, https:\/\/extremeneria.com\/wp-content\/uploads\/2022\/10\/3.-Decalogo-Extremenismo-150x150.jpg 150w, https:\/\/extremeneria.com\/wp-content\/uploads\/2022\/10\/3.-Decalogo-Extremenismo-768x768.jpg 768w, https:\/\/extremeneria.com\/wp-content\/uploads\/2022\/10\/3.-Decalogo-Extremenismo.jpg 1080w\" sizes=\"auto, (max-width: 1024px) 100vw, 1024px\" \/><\/figure><\/li><li class=\"wp-block-jetpack-slideshow_slide swiper-slide\"><figure><img loading=\"lazy\" decoding=\"async\" width=\"1024\" height=\"1024\" alt=\"\" class=\"wp-block-jetpack-slideshow_image wp-image-2884\" data-id=\"2884\" src=\"https:\/\/extremeneria.com\/wp-content\/uploads\/2022\/10\/5.Decalogo-Extremenismo-1024x1024.jpg\" srcset=\"https:\/\/extremeneria.com\/wp-content\/uploads\/2022\/10\/5.Decalogo-Extremenismo-1024x1024.jpg 1024w, https:\/\/extremeneria.com\/wp-content\/uploads\/2022\/10\/5.Decalogo-Extremenismo-300x300.jpg 300w, https:\/\/extremeneria.com\/wp-content\/uploads\/2022\/10\/5.Decalogo-Extremenismo-150x150.jpg 150w, https:\/\/extremeneria.com\/wp-content\/uploads\/2022\/10\/5.Decalogo-Extremenismo-768x768.jpg 768w, https:\/\/extremeneria.com\/wp-content\/uploads\/2022\/10\/5.Decalogo-Extremenismo.jpg 1080w\" sizes=\"auto, (max-width: 1024px) 100vw, 1024px\" \/><\/figure><\/li><li class=\"wp-block-jetpack-slideshow_slide swiper-slide\"><figure><img loading=\"lazy\" decoding=\"async\" width=\"1024\" height=\"1024\" alt=\"\" class=\"wp-block-jetpack-slideshow_image wp-image-2901\" data-id=\"2901\" src=\"https:\/\/extremeneria.com\/wp-content\/uploads\/2022\/10\/5.-Imagen5-1024x1024.png\" srcset=\"https:\/\/extremeneria.com\/wp-content\/uploads\/2022\/10\/5.-Imagen5-1024x1024.png 1024w, https:\/\/extremeneria.com\/wp-content\/uploads\/2022\/10\/5.-Imagen5-300x300.png 300w, https:\/\/extremeneria.com\/wp-content\/uploads\/2022\/10\/5.-Imagen5-150x150.png 150w, https:\/\/extremeneria.com\/wp-content\/uploads\/2022\/10\/5.-Imagen5-768x768.png 768w, https:\/\/extremeneria.com\/wp-content\/uploads\/2022\/10\/5.-Imagen5.png 1080w\" sizes=\"auto, (max-width: 1024px) 100vw, 1024px\" \/><\/figure><\/li><li class=\"wp-block-jetpack-slideshow_slide swiper-slide\"><figure><img loading=\"lazy\" decoding=\"async\" width=\"1024\" height=\"1024\" alt=\"\" class=\"wp-block-jetpack-slideshow_image wp-image-2886\" data-id=\"2886\" src=\"https:\/\/extremeneria.com\/wp-content\/uploads\/2022\/10\/7.-Decalogo-Extremenismo-1024x1024.jpg\" srcset=\"https:\/\/extremeneria.com\/wp-content\/uploads\/2022\/10\/7.-Decalogo-Extremenismo-1024x1024.jpg 1024w, https:\/\/extremeneria.com\/wp-content\/uploads\/2022\/10\/7.-Decalogo-Extremenismo-300x300.jpg 300w, https:\/\/extremeneria.com\/wp-content\/uploads\/2022\/10\/7.-Decalogo-Extremenismo-150x150.jpg 150w, https:\/\/extremeneria.com\/wp-content\/uploads\/2022\/10\/7.-Decalogo-Extremenismo-768x768.jpg 768w, https:\/\/extremeneria.com\/wp-content\/uploads\/2022\/10\/7.-Decalogo-Extremenismo.jpg 1080w\" sizes=\"auto, (max-width: 1024px) 100vw, 1024px\" \/><\/figure><\/li><li class=\"wp-block-jetpack-slideshow_slide swiper-slide\"><figure><img loading=\"lazy\" decoding=\"async\" width=\"1024\" height=\"1024\" alt=\"\" class=\"wp-block-jetpack-slideshow_image wp-image-2887\" data-id=\"2887\" src=\"https:\/\/extremeneria.com\/wp-content\/uploads\/2022\/10\/8.-Decalogo-Extremenismo-1024x1024.jpg\" srcset=\"https:\/\/extremeneria.com\/wp-content\/uploads\/2022\/10\/8.-Decalogo-Extremenismo-1024x1024.jpg 1024w, https:\/\/extremeneria.com\/wp-content\/uploads\/2022\/10\/8.-Decalogo-Extremenismo-300x300.jpg 300w, https:\/\/extremeneria.com\/wp-content\/uploads\/2022\/10\/8.-Decalogo-Extremenismo-150x150.jpg 150w, https:\/\/extremeneria.com\/wp-content\/uploads\/2022\/10\/8.-Decalogo-Extremenismo-768x768.jpg 768w, https:\/\/extremeneria.com\/wp-content\/uploads\/2022\/10\/8.-Decalogo-Extremenismo.jpg 1080w\" sizes=\"auto, (max-width: 1024px) 100vw, 1024px\" \/><\/figure><\/li><li class=\"wp-block-jetpack-slideshow_slide swiper-slide\"><figure><img loading=\"lazy\" decoding=\"async\" width=\"1024\" height=\"1024\" alt=\"\" class=\"wp-block-jetpack-slideshow_image wp-image-2889\" data-id=\"2889\" src=\"https:\/\/extremeneria.com\/wp-content\/uploads\/2022\/10\/9.-Decalogo-Extremenismo-1024x1024.jpg\" srcset=\"https:\/\/extremeneria.com\/wp-content\/uploads\/2022\/10\/9.-Decalogo-Extremenismo-1024x1024.jpg 1024w, https:\/\/extremeneria.com\/wp-content\/uploads\/2022\/10\/9.-Decalogo-Extremenismo-300x300.jpg 300w, https:\/\/extremeneria.com\/wp-content\/uploads\/2022\/10\/9.-Decalogo-Extremenismo-150x150.jpg 150w, https:\/\/extremeneria.com\/wp-content\/uploads\/2022\/10\/9.-Decalogo-Extremenismo-768x768.jpg 768w, https:\/\/extremeneria.com\/wp-content\/uploads\/2022\/10\/9.-Decalogo-Extremenismo.jpg 1080w\" sizes=\"auto, (max-width: 1024px) 100vw, 1024px\" \/><\/figure><\/li><li class=\"wp-block-jetpack-slideshow_slide swiper-slide\"><figure><img loading=\"lazy\" decoding=\"async\" width=\"1024\" height=\"1024\" alt=\"\" class=\"wp-block-jetpack-slideshow_image wp-image-2890\" data-id=\"2890\" src=\"https:\/\/extremeneria.com\/wp-content\/uploads\/2022\/10\/10.-Decalogo-Extremenismo-1024x1024.jpg\" srcset=\"https:\/\/extremeneria.com\/wp-content\/uploads\/2022\/10\/10.-Decalogo-Extremenismo-1024x1024.jpg 1024w, https:\/\/extremeneria.com\/wp-content\/uploads\/2022\/10\/10.-Decalogo-Extremenismo-300x300.jpg 300w, https:\/\/extremeneria.com\/wp-content\/uploads\/2022\/10\/10.-Decalogo-Extremenismo-150x150.jpg 150w, https:\/\/extremeneria.com\/wp-content\/uploads\/2022\/10\/10.-Decalogo-Extremenismo-768x768.jpg 768w, https:\/\/extremeneria.com\/wp-content\/uploads\/2022\/10\/10.-Decalogo-Extremenismo.jpg 1080w\" sizes=\"auto, (max-width: 1024px) 100vw, 1024px\" \/><\/figure><\/li><\/ul><a class=\"wp-block-jetpack-slideshow_button-prev swiper-button-prev swiper-button-white\" role=\"button\"><\/a><a class=\"wp-block-jetpack-slideshow_button-next swiper-button-next swiper-button-white\" role=\"button\"><\/a><a aria-label=\"Pause Slideshow\" class=\"wp-block-jetpack-slideshow_button-pause\" role=\"button\"><\/a><div class=\"wp-block-jetpack-slideshow_pagination swiper-pagination swiper-pagination-white\"><\/div><\/div><\/div>\n","protected":false},"excerpt":{"rendered":"<p>El extreme\u00f1ismo de Extreme\u00f1er\u00eda. El extreme\u00f1ismo es la &#8216;columna vertebral&#8217; de Extreme\u00f1er\u00eda y otro de las grandes ejes de acci\u00f3n prioritaria de la asociaci\u00f3n. D\u00e9cadas de reflexi\u00f3n y aportes de pensadores y pensadores permiten a d\u00eda de hoy, en el siglo XX, elaborar una propuesta resumida de las bases de un extreme\u00f1ismo seg\u00fan la interpretaci\u00f3n&hellip;<\/p>\n","protected":false},"author":3,"featured_media":2895,"comment_status":"closed","ping_status":"closed","sticky":false,"template":"","format":"standard","meta":[],"categories":[10],"tags":[],"class_list":["post-2751","post","type-post","status-publish","format-standard","has-post-thumbnail","hentry","category-decalogos","category-10","description-off"],"jetpack_featured_media_url":"https:\/\/extremeneria.com\/wp-content\/uploads\/2022\/10\/Decalogo-Extremenismo-cabecera-1.png","_links":{"self":[{"href":"https:\/\/extremeneria.com\/index.php\/wp-json\/wp\/v2\/posts\/2751","targetHints":{"allow":["GET"]}}],"collection":[{"href":"https:\/\/extremeneria.com\/index.php\/wp-json\/wp\/v2\/posts"}],"about":[{"href":"https:\/\/extremeneria.com\/index.php\/wp-json\/wp\/v2\/types\/post"}],"author":[{"embeddable":true,"href":"https:\/\/extremeneria.com\/index.php\/wp-json\/wp\/v2\/users\/3"}],"replies":[{"embeddable":true,"href":"https:\/\/extremeneria.com\/index.php\/wp-json\/wp\/v2\/comments?post=2751"}],"version-history":[{"count":8,"href":"https:\/\/extremeneria.com\/index.php\/wp-json\/wp\/v2\/posts\/2751\/revisions"}],"predecessor-version":[{"id":2902,"href":"https:\/\/extremeneria.com\/index.php\/wp-json\/wp\/v2\/posts\/2751\/revisions\/2902"}],"wp:featuredmedia":[{"embeddable":true,"href":"https:\/\/extremeneria.com\/index.php\/wp-json\/wp\/v2\/media\/2895"}],"wp:attachment":[{"href":"https:\/\/extremeneria.com\/index.php\/wp-json\/wp\/v2\/media?parent=2751"}],"wp:term":[{"taxonomy":"category","embeddable":true,"href":"https:\/\/extremeneria.com\/index.php\/wp-json\/wp\/v2\/categories?post=2751"},{"taxonomy":"post_tag","embeddable":true,"href":"https:\/\/extremeneria.com\/index.php\/wp-json\/wp\/v2\/tags?post=2751"}],"curies":[{"name":"wp","href":"https:\/\/api.w.org\/{rel}","templated":true}]}}