{"id":3908,"date":"2023-10-14T08:03:27","date_gmt":"2023-10-14T06:03:27","guid":{"rendered":"https:\/\/extremeneria.com\/?p=3908"},"modified":"2023-10-09T08:12:20","modified_gmt":"2023-10-09T06:12:20","slug":"reflexiones-sobre-otras-formas-de-hacer-ser-y-sentir-desde-la-ruralidad","status":"publish","type":"post","link":"https:\/\/extremeneria.com\/index.php\/2023\/10\/14\/reflexiones-sobre-otras-formas-de-hacer-ser-y-sentir-desde-la-ruralidad\/","title":{"rendered":"Reflexiones sobre otras formas de hacer, ser y sentir desde la ruralidad"},"content":{"rendered":"\n<p class=\"has-text-align-justify\">En Extremadura los casos de denuncias por violencias machistas en el 2022 que se han interpuesto son 2.410 seg\u00fan los datos recogidos en <a href=\"https:\/\/www.epdata.es\/\">https:\/\/www.epdata.es\/<\/a>. Adem\u00e1s, tenemos un gran conocimiento que no todos los casos de violencia de g\u00e9nero son denunciados a las autoridades, sino que los agresores quedan impunes, garantizando as\u00ed la desprotecci\u00f3n total de mujeres, as\u00ed como sus hijas e hijos.<\/p>\n\n\n\n<p class=\"has-text-align-justify\">Por otro lado, no tenemos conocimientos de las mujeres que se quedan sin protecci\u00f3n cuando sufren violencias por parte de parejas del mismo g\u00e9nero, as\u00ed como de los hombres, potenciando la invisibilidad de ese tipo de violencias donde no hay protocolos claros para la protecci\u00f3n de quienes la sufren.<\/p>\n\n\n\n<p class=\"has-text-align-justify\">De esta forma, a nivel institucional encontramos una multitud de servicios que acompa\u00f1an a las mujeres que han sufrido alg\u00fan tipo de violencia de g\u00e9nero. Sin embargo, no cubren las necesidades de las mujeres rurales, y ni siquiera de las mujeres que sufren violencias de otra \u00edndole. Ya que el sistema patriarcal fomenta violencias estructurales donde las mujeres, mirando la diversidad entre todas nosotras, no encontramos en muchas situaciones, el apoyo o acompa\u00f1amiento que se necesita.<\/p>\n\n\n\n<p class=\"has-text-align-justify\">Las formas de ser, hacer y sentir en un sistema que naturaliza el sufrimiento de las mujeres como rasgo necesario para ser \u201cbuena mujer\u201d homogeneiz\u00e1ndonos a todas, tambi\u00e9n se transfieren a que no se fomente la colectividad, especialmente en zonas rurales. A pesar, de que las mujeres de forma hist\u00f3rica han construido formas ocupacionales comunitarias. Sin embargo, el capitalismo nos ha forzado a formas de hacer individuales donde reforzamos la diversidad como un signo mas de desuni\u00f3n, en vez de mirar qu\u00e9 nos une.<\/p>\n\n\n\n<p class=\"has-text-align-justify\">\u00bfEn qu\u00e9 momento olvidamos c\u00f3mo apoyarnos entre personas a las cuales el sistema patriarcal-capitalista-colonialista nos invisibiliza? S\u00ed, las mujeres, las migradas, las personas con diversidad funcional, personas LGTBIQA+ que formamos parte desde el Norte de C\u00e1ceres hasta el sur de Extremadura.<\/p>\n\n\n\n<p class=\"has-text-align-justify\">\u00bfNo ser\u00eda mas interesante fomentar casas de acogida autogestionadas desde la ruralidad? Lugares seguros, gestionados por nosotras\/es mismes donde pudi\u00e9ramos cubrir las necesidades y emergencias sin tener que desligarnos de nuestra red de apoyo. Donde el sistema institucional nos obliga a alejarnos de nuestro n\u00facleo mas cercano. No podemos olvidar que muchas personas que buscan apoyo y acompa\u00f1amiento siguen siendo cuidadoras y que, incluso teniendo recursos para sus hijas e hijos, siguen cuidando de su entorno, como sus padres, madres, personas con diversidad funcional, etc.<\/p>\n\n\n\n<p class=\"has-text-align-justify\">Por ello, se propone, que, en cada municipio, entre nosotras\/es seamos quienes hagamos sentir ese arraigo a las personas que, en momentos de su vida, necesiten ese apoyo. Somos nosotras quienes conocemos a nuestras vecinas y vecinos, quienes conocemos en muchas ocasiones sus historias de vida, y que no podemos soportar que se comentan mas injusticias sobre sus vidas. Y que conocemos c\u00f3mo podernos cuidar sin forzar el desarraigo ni la soledad de quien tiene que migrar por las diferentes desigualdades y discriminaciones.<\/p>\n\n\n\n<p class=\"has-text-align-justify\">En conclusi\u00f3n, sin menospreciar todos los avances conseguidos por la ciudadan\u00eda a nivel institucional, tenemos el pueblo extreme\u00f1o la capacidad de formar redes colectivas que cubran realmente las necesidades de cada una de nosotras, sin tener que excluirnos de nuestro entorno, conociendo cu\u00e1les son los recursos que nos podemos ofrecer en nuestro propio pueblo. Construir nuestro propio hogar, donde todas podamos aportar nuestros saberes, fomentando una colectividad fuera del androcentrismo y basada en el bienestar y cuidado de las otras\/es\/os. Un espacio libre de violencias donde comenzar nuestros propios procesos de sanaci\u00f3n. Y a\u00fan m\u00e1s importante, encontrar un hogar donde acudir sin tener que denunciar a las autoridades, sino un lugar para fomentar nuestras capacidades y ofrecer a\u00fan cuando pensemos que solo a nosotras nos pueden dar. Desde Pedroso de Acim hasta Carrascalejo, nos merecemos construir nuestros propios espacios con identidad propia.<\/p>\n\n\n\n<p class=\"has-text-align-justify\">De esta forma, agradecemos los esfuerzos de todas las organizaciones, que, de forma voluntaria, ofrecen este tipo de espacios.<\/p>\n\n\n\n<div style=\"height:40px\" aria-hidden=\"true\" class=\"wp-block-spacer\"><\/div>\n\n\n\n<p class=\"has-text-align-justify\">Para conocer datos sobre recursos que ofrece nuestra comunidad a mujeres que sufren violencia de g\u00e9nero se puede consultar el siguiente enlace: &nbsp;<\/p>\n\n\n\n<p><a href=\"https:\/\/www.asociacion-alma.es\/red-de-recursos\">https:\/\/www.asociacion-alma.es\/red-de-recursos<\/a><\/p>\n\n\n\n<p>N\u00famero para atender llamadas debidas a delitos de odio contra el colectivo LGTBIQA+: 028<\/p>\n\n\n\n<p>N\u00famero para atender llamadas debidas a delitos de odio de \u00edndole racista: 021<\/p>\n\n\n\n<p class=\"has-text-align-right has-accent-color has-text-color\">Gemma Ga\u00f1\u00e1n.<\/p>\n","protected":false},"excerpt":{"rendered":"<p>En Extremadura los casos de denuncias por violencias machistas en el 2022 que se han interpuesto son 2.410 seg\u00fan los datos recogidos en https:\/\/www.epdata.es\/. Adem\u00e1s, tenemos un gran conocimiento que no todos los casos de violencia de g\u00e9nero son denunciados a las autoridades, sino que los agresores quedan impunes, garantizando as\u00ed la desprotecci\u00f3n total de&hellip;<\/p>\n","protected":false},"author":3,"featured_media":3910,"comment_status":"closed","ping_status":"closed","sticky":false,"template":"","format":"standard","meta":[],"categories":[5],"tags":[],"class_list":["post-3908","post","type-post","status-publish","format-standard","has-post-thumbnail","hentry","category-articulos-de-opinion","category-5","description-off"],"jetpack_featured_media_url":"https:\/\/extremeneria.com\/wp-content\/uploads\/2023\/10\/Campo.jpg","_links":{"self":[{"href":"https:\/\/extremeneria.com\/index.php\/wp-json\/wp\/v2\/posts\/3908","targetHints":{"allow":["GET"]}}],"collection":[{"href":"https:\/\/extremeneria.com\/index.php\/wp-json\/wp\/v2\/posts"}],"about":[{"href":"https:\/\/extremeneria.com\/index.php\/wp-json\/wp\/v2\/types\/post"}],"author":[{"embeddable":true,"href":"https:\/\/extremeneria.com\/index.php\/wp-json\/wp\/v2\/users\/3"}],"replies":[{"embeddable":true,"href":"https:\/\/extremeneria.com\/index.php\/wp-json\/wp\/v2\/comments?post=3908"}],"version-history":[{"count":4,"href":"https:\/\/extremeneria.com\/index.php\/wp-json\/wp\/v2\/posts\/3908\/revisions"}],"predecessor-version":[{"id":3914,"href":"https:\/\/extremeneria.com\/index.php\/wp-json\/wp\/v2\/posts\/3908\/revisions\/3914"}],"wp:featuredmedia":[{"embeddable":true,"href":"https:\/\/extremeneria.com\/index.php\/wp-json\/wp\/v2\/media\/3910"}],"wp:attachment":[{"href":"https:\/\/extremeneria.com\/index.php\/wp-json\/wp\/v2\/media?parent=3908"}],"wp:term":[{"taxonomy":"category","embeddable":true,"href":"https:\/\/extremeneria.com\/index.php\/wp-json\/wp\/v2\/categories?post=3908"},{"taxonomy":"post_tag","embeddable":true,"href":"https:\/\/extremeneria.com\/index.php\/wp-json\/wp\/v2\/tags?post=3908"}],"curies":[{"name":"wp","href":"https:\/\/api.w.org\/{rel}","templated":true}]}}