{"id":4073,"date":"2024-04-03T13:22:13","date_gmt":"2024-04-03T11:22:13","guid":{"rendered":"https:\/\/extremeneria.com\/?p=4073"},"modified":"2024-04-03T13:25:59","modified_gmt":"2024-04-03T11:25:59","slug":"extremeneria-organiza-su-ii-jornada-extremenista","status":"publish","type":"post","link":"https:\/\/extremeneria.com\/index.php\/2024\/04\/03\/extremeneria-organiza-su-ii-jornada-extremenista\/","title":{"rendered":"Extreme\u00f1er\u00eda organiza su II Jornada Extreme\u00f1ista"},"content":{"rendered":"\n<p class=\"has-text-align-justify\"><em>El evento, que conmemora la revuelta jornalera del 25 de marzo de 1936, tendr\u00e1 lugar en la ma\u00f1ana del s\u00e1bado 6 de abril en la ciudad de C\u00e1ceres.<\/em><em><\/em><\/p>\n\n\n\n<p><em>. <\/em><em><\/em><\/p>\n\n\n\n<p class=\"has-text-align-right\">1 de abril de 2024<\/p>\n\n\n\n<p class=\"has-text-align-justify\">Al igual que el pasado a\u00f1o, la asociaci\u00f3n Extreme\u00f1er\u00eda participa en los actos y reivindicaciones del d\u00eda 25 de marzo, D\u00eda del Pueblo Extreme\u00f1o, celebrando una jornada para la reflexi\u00f3n y el debate. La organizaci\u00f3n quiere homenajear la ocupaci\u00f3n de tierra que hiciera el campesinado extreme\u00f1o el 25 de marzo del 1936 mediante un acto que ayude a divulgar y mantener en la memoria dicho suceso hist\u00f3rico, pero poniendo tambi\u00e9n el foco en las luchas y los retos del presente. Con la misma motivaci\u00f3n, Extreme\u00f1er\u00eda lanz\u00f3 hace unas semanas el I certamen de relatos \u201cLos Otros 25 de Marzo\u201d, al que han concurrido cerca de 40 obras.<\/p>\n\n\n\n<p class=\"has-text-align-justify\">La Jornada se celebrar\u00e1 en C\u00e1ceres, en la sede de la Asociaci\u00f3n de Vecinos de Ciudad Monumental de C\u00e1ceres, a partir de las 10:00 de la ma\u00f1ana. El d\u00eda elegido ha sido el s\u00e1bado 6 de abril para evitar la coincidencia con otras actividades de distintas organizaciones que conmemoran el 25 de marzo, as\u00ed como las celebraciones de la Semana Santa. El evento constar\u00e1 de dos mesas de debate, con un descanso entre ellas en el que se invitar\u00e1 a un desayuno extreme\u00f1o, y finalizar\u00e1 con el anuncio de los ganadores y la entrega de premios del certamen de relatos.<\/p>\n\n\n\n<p class=\"has-text-align-justify\">La primera mesa tendr\u00e1 un contenido hist\u00f3rico-cultural y abordar\u00e1 propiamente los hechos del 25 de marzo del 1936, as\u00ed como las m\u00e1s recientes acciones y expresiones culturales que han servido para recordar y dar a conocer estos sucesos hist\u00f3ricos. La segunda mesa, por su parte, entrar\u00e1 en cuestiones socioecon\u00f3micas y servir\u00e1 para hablar de distintas luchas sociales actuales que se est\u00e1n dando por el territorio extreme\u00f1o sobre diversas cuestiones, tales como la protecci\u00f3n del medio ambiente, la reclamaci\u00f3n de infraestructuras o el ordenamiento urban\u00edstico.<\/p>\n\n\n\n<p class=\"has-text-align-justify\">La asociaci\u00f3n ir\u00e1 dando a conocer la programaci\u00f3n completa y las entidades participantes invitadas en sus redes sociales, as\u00ed como el programa definitivo de esta segunda Jornada Extreme\u00f1ista.<\/p>\n\n\n\n<div style=\"height:40px\" aria-hidden=\"true\" class=\"wp-block-spacer\"><\/div>\n\n\n\n<p><strong>Para m\u00e1s informaci\u00f3n:<\/strong><strong><\/strong><\/p>\n\n\n\n<p>Extreme\u00f1er\u00eda &#8211; Grupo de Comunicaci\u00f3n<\/p>\n\n\n\n<p><a href=\"mailto:extremeneria@gmail.com\"><u>extremeneria@gmail.com<\/u><\/a><\/p>\n\n\n\n<p>Redes sociales: @extremeneria<\/p>\n\n\n\n<div style=\"height:40px\" aria-hidden=\"true\" class=\"wp-block-spacer\"><\/div>\n\n\n\n<div class=\"wp-block-buttons is-content-justification-center is-layout-flex wp-container-core-buttons-is-layout-1 wp-block-buttons-is-layout-flex\">\n<div class=\"wp-block-button\"><a class=\"wp-block-button__link wp-element-button\" href=\"https:\/\/extremeneria.com\/wp-content\/uploads\/2024\/04\/NOTA-DE-PRENSA-II-jornadas-Extremenistas.pdf\">Descargar<\/a><\/div>\n<\/div>\n","protected":false},"excerpt":{"rendered":"<p>El evento, que conmemora la revuelta jornalera del 25 de marzo de 1936, tendr\u00e1 lugar en la ma\u00f1ana del s\u00e1bado 6 de abril en la ciudad de C\u00e1ceres. . 1 de abril de 2024 Al igual que el pasado a\u00f1o, la asociaci\u00f3n Extreme\u00f1er\u00eda participa en los actos y reivindicaciones del d\u00eda 25 de marzo, D\u00eda&hellip;<\/p>\n","protected":false},"author":3,"featured_media":0,"comment_status":"closed","ping_status":"closed","sticky":false,"template":"","format":"standard","meta":[],"categories":[7],"tags":[],"class_list":["post-4073","post","type-post","status-publish","format-standard","hentry","category-notas-de-prensa","category-7","description-off"],"jetpack_featured_media_url":"","_links":{"self":[{"href":"https:\/\/extremeneria.com\/index.php\/wp-json\/wp\/v2\/posts\/4073","targetHints":{"allow":["GET"]}}],"collection":[{"href":"https:\/\/extremeneria.com\/index.php\/wp-json\/wp\/v2\/posts"}],"about":[{"href":"https:\/\/extremeneria.com\/index.php\/wp-json\/wp\/v2\/types\/post"}],"author":[{"embeddable":true,"href":"https:\/\/extremeneria.com\/index.php\/wp-json\/wp\/v2\/users\/3"}],"replies":[{"embeddable":true,"href":"https:\/\/extremeneria.com\/index.php\/wp-json\/wp\/v2\/comments?post=4073"}],"version-history":[{"count":3,"href":"https:\/\/extremeneria.com\/index.php\/wp-json\/wp\/v2\/posts\/4073\/revisions"}],"predecessor-version":[{"id":4077,"href":"https:\/\/extremeneria.com\/index.php\/wp-json\/wp\/v2\/posts\/4073\/revisions\/4077"}],"wp:attachment":[{"href":"https:\/\/extremeneria.com\/index.php\/wp-json\/wp\/v2\/media?parent=4073"}],"wp:term":[{"taxonomy":"category","embeddable":true,"href":"https:\/\/extremeneria.com\/index.php\/wp-json\/wp\/v2\/categories?post=4073"},{"taxonomy":"post_tag","embeddable":true,"href":"https:\/\/extremeneria.com\/index.php\/wp-json\/wp\/v2\/tags?post=4073"}],"curies":[{"name":"wp","href":"https:\/\/api.w.org\/{rel}","templated":true}]}}