{"id":571,"date":"2021-09-06T13:30:00","date_gmt":"2021-09-06T11:30:00","guid":{"rendered":"http:\/\/extremeneria.com\/?p=571"},"modified":"2021-10-14T19:52:51","modified_gmt":"2021-10-14T17:52:51","slug":"nota-de-prensa-extremadura-en-nuestras-manos","status":"publish","type":"post","link":"https:\/\/extremeneria.com\/index.php\/2021\/09\/06\/nota-de-prensa-extremadura-en-nuestras-manos\/","title":{"rendered":"Campa\u00f1a &#8216;Extremadura en nuestras manos&#8217;"},"content":{"rendered":"\n<figure class=\"wp-block-image size-large\"><img loading=\"lazy\" decoding=\"async\" width=\"1024\" height=\"576\" src=\"https:\/\/extremeneria.com\/wp-content\/uploads\/2021\/09\/Cartel-8sept-1-1024x576.png\" alt=\"\" class=\"wp-image-592\"\/><\/figure>\n\n\n\n<p class=\"has-text-align-center\"><strong>Extreme\u00f1er\u00eda lanza la campa\u00f1a #ExtremaduraEnNuestrasManos<\/strong> <\/p>\n\n\n\n<p class=\"has-text-align-center\">Con motivo de la celebraci\u00f3n del d\u00eda de Extremadura, esta plataforma pretende hacer del 8 de septiembre un d\u00eda m\u00e1s reivindicativo y no solo de orgullo extreme\u00f1o. <\/p>\n\n\n\n<p class=\"has-text-align-justify\">La plataforma Extreme\u00f1er\u00eda, lanzada en junio de este mismo a\u00f1o, <strong>entiende que la Junta de Extremadura puede hacer mucho m\u00e1s y mejor en esta fecha tan se\u00f1alada. En este sentido aboga por avanzar hacia una celebraci\u00f3n m\u00e1s c\u00edvica, aconfesional y reivindicativa,<\/strong> sin que eso suponga una enmienda a la totalidad de los actos y tradiciones que se viene celebrando desde 1985 con motivo de dicho d\u00eda. <\/p>\n\n\n\n<p class=\"has-text-align-justify\">Con la ocasi\u00f3n de este d\u00eda, <strong>Extreme\u00f1er\u00eda concede sus propias medallas de Extremadura, a las que ha denominado Medallas Extreme\u00f1eras.<\/strong> Entre los reconocimientos se encuentran: la <strong>Abuela Rosario,<\/strong> por saber explicar lo que somos y queremos llegar a ser como extreme\u00f1as y extreme\u00f1os; <strong>Antonio Elviro Berdeguer (a t\u00edtulo p\u00f3stumo)<\/strong>, por impulsar el regionalismo extreme\u00f1o comprometido con la justicia social y el progreso; <strong>Proyecto Mosaico<\/strong>, por reforestar los bosques de Sierra de Gata y mitigar los da\u00f1os causados; <strong>Bomberos Forestales de Extremadura<\/strong>, por proteger de los incendios nuestro patrimonio natural; <strong>Club Senior Extremadura<\/strong>, por fomentar la reflexi\u00f3n y el debate y proponer soluciones para Extremadura; y la plataforma <strong>Milana Bonita<\/strong>, por defender un tren digno y de calidad que logre vertebrar nuestro territorio. La concesi\u00f3n de este reconocimiento simb\u00f3lico se anunciar\u00e1 en las redes sociales de la plataforma y pretende ser un acto que inspire para las futuras concesiones oficiales otorgadas por la Junta de Extremadura. <\/p>\n\n\n\n<p class=\"has-text-align-justify\"><strong>Al mismo tiempo, la plataforma ha lanzado un manifiesto<\/strong> en el que aboga por la uni\u00f3n de todos los extreme\u00f1os para afrontar los retos pol\u00edticos, sociales, econ\u00f3micos y culturales de Extremadura en el siglo XXI. Hacen un <strong>especial hincapi\u00e9 en la participaci\u00f3n de la juventud extreme\u00f1a, residente y emigrante, as\u00ed como un llamamiento a una mayor colaboraci\u00f3n entre sociedad civil e instituciones p\u00fablicas y privadas.<\/strong> En el texto, que puede verse y firmarse en www.extremeneria.com,  se destaca la necesidad de <strong>m\u00e1s uni\u00f3n entre extreme\u00f1os -de fuera y de dentro <\/strong>de la comunidad-, y de <strong>m\u00e1s y mejor autonom\u00eda pol\u00edtica para Extremadura.<\/strong> Tambi\u00e9n se\u00f1ala la necesidad de colaboraci\u00f3n para <strong>abordar la crisis clim\u00e1tica y el reto demogr\u00e1fico, la defensa de la ruralidad y de los Derechos Humanos y la igualdad<\/strong>, acabar con el abandono y <strong>conectar a la comunidad<\/strong> con nuestros vecinos m\u00e1s cercanos y con el resto de Europa, con especial menci\u00f3n a la situaci\u00f3n de las l\u00edneas ferroviarias extreme\u00f1as. Ocupan tambi\u00e9n un lugar destacado en el texto el aumento de las inversiones en ciencia, investigaci\u00f3n, cultura y patrimonio, el trabajo en la memoria colectiva de Extremadura y la profundizaci\u00f3n en las relaciones bilaterales con Portugal. El manifiesto cuenta ya con m\u00e1s de un centenar de firmas de extreme\u00f1os y extreme\u00f1as. <\/p>\n\n\n\n<p class=\"has-text-align-justify\">Con estas acciones, Extreme\u00f1er\u00eda llama a que la sociedad extreme\u00f1a se organice y participe activamente de un proyecto com\u00fan. El 8 de septiembre, como el 25 de marzo y otras fechas se\u00f1aladas en la identidad regional, han de erigirse como d\u00edas de reivindicaci\u00f3n y reflexi\u00f3n sobre la tierra extreme\u00f1a. La plataforma sigue ampliando su m\u00fasculo social con encuentros virtuales abiertos a la participaci\u00f3n de quien lo desee, con el trabajo de difusi\u00f3n a trav\u00e9s de las redes sociales y con la planificaci\u00f3n de diferentes acciones de cara a pr\u00f3ximas fechas.<\/p>\n\n\n\n<p class=\"has-text-align-justify\"><\/p>\n\n\n\n<figure class=\"wp-block-image size-full\"><img loading=\"lazy\" decoding=\"async\" width=\"400\" height=\"208\" src=\"https:\/\/extremeneria.com\/wp-content\/uploads\/2021\/08\/logo_flor_jara_400x208.png\" alt=\"\" class=\"wp-image-156\" srcset=\"https:\/\/extremeneria.com\/wp-content\/uploads\/2021\/08\/logo_flor_jara_400x208.png 400w, https:\/\/extremeneria.com\/wp-content\/uploads\/2021\/08\/logo_flor_jara_400x208-300x156.png 300w\" sizes=\"auto, (max-width: 400px) 100vw, 400px\" \/><\/figure>\n","protected":false},"excerpt":{"rendered":"<p>Extreme\u00f1er\u00eda lanza la campa\u00f1a #ExtremaduraEnNuestrasManos Con motivo de la celebraci\u00f3n del d\u00eda de Extremadura, esta plataforma pretende hacer del 8 de septiembre un d\u00eda m\u00e1s reivindicativo y no solo de orgullo extreme\u00f1o. La plataforma Extreme\u00f1er\u00eda, lanzada en junio de este mismo a\u00f1o, entiende que la Junta de Extremadura puede hacer mucho m\u00e1s y mejor en&hellip;<\/p>\n","protected":false},"author":2,"featured_media":0,"comment_status":"closed","ping_status":"closed","sticky":false,"template":"","format":"standard","meta":[],"categories":[7],"tags":[],"class_list":["post-571","post","type-post","status-publish","format-standard","hentry","category-notas-de-prensa","category-7","description-off"],"jetpack_featured_media_url":"","_links":{"self":[{"href":"https:\/\/extremeneria.com\/index.php\/wp-json\/wp\/v2\/posts\/571","targetHints":{"allow":["GET"]}}],"collection":[{"href":"https:\/\/extremeneria.com\/index.php\/wp-json\/wp\/v2\/posts"}],"about":[{"href":"https:\/\/extremeneria.com\/index.php\/wp-json\/wp\/v2\/types\/post"}],"author":[{"embeddable":true,"href":"https:\/\/extremeneria.com\/index.php\/wp-json\/wp\/v2\/users\/2"}],"replies":[{"embeddable":true,"href":"https:\/\/extremeneria.com\/index.php\/wp-json\/wp\/v2\/comments?post=571"}],"version-history":[{"count":5,"href":"https:\/\/extremeneria.com\/index.php\/wp-json\/wp\/v2\/posts\/571\/revisions"}],"predecessor-version":[{"id":702,"href":"https:\/\/extremeneria.com\/index.php\/wp-json\/wp\/v2\/posts\/571\/revisions\/702"}],"wp:attachment":[{"href":"https:\/\/extremeneria.com\/index.php\/wp-json\/wp\/v2\/media?parent=571"}],"wp:term":[{"taxonomy":"category","embeddable":true,"href":"https:\/\/extremeneria.com\/index.php\/wp-json\/wp\/v2\/categories?post=571"},{"taxonomy":"post_tag","embeddable":true,"href":"https:\/\/extremeneria.com\/index.php\/wp-json\/wp\/v2\/tags?post=571"}],"curies":[{"name":"wp","href":"https:\/\/api.w.org\/{rel}","templated":true}]}}